{"id":2495,"date":"2021-10-13T00:24:53","date_gmt":"2021-10-13T00:24:53","guid":{"rendered":"http:\/\/lavereda.com.mx\/?p=2495"},"modified":"2021-10-13T00:24:54","modified_gmt":"2021-10-13T00:24:54","slug":"invita-cultura-coahuila-a-seguir-las-transmisiones-del-festival-internacional-cervantino","status":"publish","type":"post","link":"https:\/\/lavereda.com.mx\/index.php\/2021\/10\/13\/invita-cultura-coahuila-a-seguir-las-transmisiones-del-festival-internacional-cervantino\/","title":{"rendered":"Invita cultura Coahuila a seguir las transmisiones del festival internacional cervantino"},"content":{"rendered":"\n<p>La Secretar\u00eda de Cultura de Coahuila invit\u00f3 a la ciudadan\u00eda a seguir la transmisi\u00f3n en vivo del festival intencional cervantino 2021, la cual se llevar\u00e1 a cabo del 13 al 31 de octubre bajo un formato h\u00edbrido y en donde nuestro Estado ser\u00e1 el invitado de honor.<\/p>\n\n\n\n<p>La titular de Cultura en la entidad, Ana Sof\u00eda Garc\u00eda Camil, se\u00f1al\u00f3 que Coahuila estar\u00e1 bien representado en la inauguraci\u00f3n por la Orquesta Filarm\u00f3nica del Desierto (OFDC), as\u00ed como por el grupo cubano Formell Van-Van, representante de la Rep\u00fablica de Cuba, pa\u00eds invitado.<\/p>\n\n\n\n<p>La participaci\u00f3n de los y las coahuilenses en el festival se estar\u00e1 transmitiendo desde la pagina oficial de la Secretar\u00eda. Adem\u00e1s de los eventos coahuilenses, tambi\u00e9n se transmitir\u00e1n algunos de los eventos m\u00e1s importantes v\u00eda Facebook Live.<\/p>\n\n\n\n<p>Garc\u00eda Camil agreg\u00f3 que la delegaci\u00f3n coahuilense cuenta tambi\u00e9n con el espacio la Casa Coahuila, donde se estar\u00e1n realizando actividades art\u00edsticas y culturales propias de la entidad.<\/p>\n\n\n\n<p>Por \u00faltimo, la funcionaria estatal invit\u00f3 a la ciudadan\u00eda a estar pendientes de la programaci\u00f3n completa del Estado, que se podr\u00e1 consultar en la p\u00e1gina web www.coahuilacultura.gob.mx y en las plataformas digitales de Facebook la Secretar\u00eda de Cultura estatal: @CulturaCoahuilaOficial.<\/p>\n","protected":false},"excerpt":{"rendered":"<p>La Secretar\u00eda de Cultura de Coahuila invit\u00f3 a la ciudadan\u00eda a seguir la transmisi\u00f3n en vivo del festival intencional cervantino 2021, la cual se llevar\u00e1 a cabo del 13 al &hellip; <a href=\"https:\/\/lavereda.com.mx\/index.php\/2021\/10\/13\/invita-cultura-coahuila-a-seguir-las-transmisiones-del-festival-internacional-cervantino\/\" class=\"more-link\">Leer m\u00e1s<\/a><\/p>\n","protected":false},"author":1,"featured_media":2496,"comment_status":"open","ping_status":"open","sticky":false,"template":"","format":"standard","meta":{"footnotes":""},"categories":[2],"tags":[],"class_list":["post-2495","post","type-post","status-publish","format-standard","has-post-thumbnail","hentry","category-artes-escenicas","entry"],"_links":{"self":[{"href":"https:\/\/lavereda.com.mx\/index.php\/wp-json\/wp\/v2\/posts\/2495","targetHints":{"allow":["GET"]}}],"collection":[{"href":"https:\/\/lavereda.com.mx\/index.php\/wp-json\/wp\/v2\/posts"}],"about":[{"href":"https:\/\/lavereda.com.mx\/index.php\/wp-json\/wp\/v2\/types\/post"}],"author":[{"embeddable":true,"href":"https:\/\/lavereda.com.mx\/index.php\/wp-json\/wp\/v2\/users\/1"}],"replies":[{"embeddable":true,"href":"https:\/\/lavereda.com.mx\/index.php\/wp-json\/wp\/v2\/comments?post=2495"}],"version-history":[{"count":2,"href":"https:\/\/lavereda.com.mx\/index.php\/wp-json\/wp\/v2\/posts\/2495\/revisions"}],"predecessor-version":[{"id":2499,"href":"https:\/\/lavereda.com.mx\/index.php\/wp-json\/wp\/v2\/posts\/2495\/revisions\/2499"}],"wp:featuredmedia":[{"embeddable":true,"href":"https:\/\/lavereda.com.mx\/index.php\/wp-json\/wp\/v2\/media\/2496"}],"wp:attachment":[{"href":"https:\/\/lavereda.com.mx\/index.php\/wp-json\/wp\/v2\/media?parent=2495"}],"wp:term":[{"taxonomy":"category","embeddable":true,"href":"https:\/\/lavereda.com.mx\/index.php\/wp-json\/wp\/v2\/categories?post=2495"},{"taxonomy":"post_tag","embeddable":true,"href":"https:\/\/lavereda.com.mx\/index.php\/wp-json\/wp\/v2\/tags?post=2495"}],"curies":[{"name":"wp","href":"https:\/\/api.w.org\/{rel}","templated":true}]}}