{"id":2492,"date":"2021-10-12T16:50:22","date_gmt":"2021-10-12T16:50:22","guid":{"rendered":"http:\/\/lavereda.com.mx\/?p=2492"},"modified":"2021-10-12T16:50:23","modified_gmt":"2021-10-12T16:50:23","slug":"la-basura-y-el-rastro-de-lo-que-somos","status":"publish","type":"post","link":"https:\/\/lavereda.com.mx\/index.php\/2021\/10\/12\/la-basura-y-el-rastro-de-lo-que-somos\/","title":{"rendered":"La basura y el rastro de lo que somos"},"content":{"rendered":"\n<p>Cada ma\u00f1ana en mi trayecto a la oficina hice de una rutinaria actividad, un h\u00e1bito. Cerca de las 8 de la ma\u00f1ana, antes de beber el caf\u00e9 en el autom\u00f3vil procuraba ingerir una fruta, manzana o pl\u00e1tano en el camino, para no maltratar tan temprano al est\u00f3mago.<\/p>\n\n\n\n<p>Mi rutina iniciaba as\u00ed: despu\u00e9s de un trayecto acostumbrado, al bajar del auto sol\u00eda tirar la c\u00e1scara de la fruta en un contenedor de la calle. Despu\u00e9s de varios meses, el contenedor fue retirado y en su lugar la calle comenz\u00f3 a lucir m\u00e1s sucia, llena de montones de basura que nadie recog\u00eda durante horas y d\u00edas.<\/p>\n\n\n\n<p>Busqu\u00e9 en varias direcciones cercanas un contenedor y no encontr\u00e9. Por varios d\u00edas llev\u00e9 la basura en el auto hasta desecharla en un bote de la oficina, hasta que despu\u00e9s en esos aburridos trayectos encontr\u00e9 a un trabajador de limpieza que hac\u00eda su ruta en la ciudad con escoba y bote.&nbsp;<\/p>\n\n\n\n<p>Casualmente, lo encontraba siempre en la misma calle a la misma hora y empec\u00e9 a desechar el resto de mi fruta en su bote- \u00bfQu\u00e9 tal? \u00bfMe permite tirar mi basura? &#8211; Cada ma\u00f1ana, el empleado asent\u00eda con un saludo.<\/p>\n\n\n\n<p>Todo acto cotidiano tiene su propio sentido, lo pienso en esas ma\u00f1anas, tal vez para animarme o para huir de la monoton\u00eda, para creer que los insignificantes actos de los presos de oficinas, de los seres an\u00f3nimos de las calles, tienen \u00bfpor qu\u00e9 no? un destino especial.<\/p>\n\n\n\n<p>\u00bfQu\u00e9 hay detr\u00e1s de toda esa basura acumulada?<\/p>\n\n\n\n<p>La pandemia demostr\u00f3 que hemos sido incapaces de tenerle respeto al medio ambiente. La gente comenz\u00f3 a pedir comida a domicilio en grandes cantidades, a utilizar de nuevo empaques poco ecol\u00f3gicos, nos encerramos adentro para ensuciar m\u00e1s afuera. \u00a1Qu\u00e9 paradoja!&nbsp;<\/p>\n\n\n\n<p>Preocuparnos por nuestra salud, cuidar los interiores, buscar una mayor vida espiritual, deber\u00eda significar darle un respiro a nuestro pedazo de asfalto, a nuestro rinc\u00f3n urbano del planeta.<\/p>\n\n\n\n<p>Pero no ha sido as\u00ed.<\/p>\n\n\n\n<blockquote class=\"wp-block-quote is-layout-flow wp-block-quote-is-layout-flow\"><p>Se espera que para 2025 se triplique la cantidad de desechos generados en el mundo, alcanzando 5,900 millones de toneladas anuales, debido al alto aumento en el consumo (ONU H\u00e1bitat). Lamentablemente la gesti\u00f3n de los desechos no es adecuada en muchos lugares del mundo y en M\u00e9xico y La Laguna, no es la excepci\u00f3n.<\/p><\/blockquote>\n\n\n\n<p>Tirar basura solo porque s\u00ed, adquirir productos con empaques poco amigables con el entorno, nos est\u00e1 llevando a un retroceso: la poca conciencia ecol\u00f3gica que hab\u00edamos adquirido, se est\u00e1 estropeando.<\/p>\n\n\n\n<p>No solo somos nuestro andar por la vida, las actividades que hacemos para subsistir, nuestras relaciones con los dem\u00e1s, tambi\u00e9n somos el rastro material que vamos dejando en el camino, el desecho que habla m\u00e1s de nosotros, de lo que muchas veces creemos.<\/p>\n\n\n\n<p>Twitter: @Lavargasadri<\/p>\n","protected":false},"excerpt":{"rendered":"<p>Cada ma\u00f1ana en mi trayecto a la oficina hice de una rutinaria actividad, un h\u00e1bito. Cerca de las 8 de la ma\u00f1ana, antes de beber el caf\u00e9 en el autom\u00f3vil &hellip; <a href=\"https:\/\/lavereda.com.mx\/index.php\/2021\/10\/12\/la-basura-y-el-rastro-de-lo-que-somos\/\" class=\"more-link\">Leer m\u00e1s<\/a><\/p>\n","protected":false},"author":9,"featured_media":2493,"comment_status":"open","ping_status":"open","sticky":false,"template":"","format":"standard","meta":{"footnotes":""},"categories":[18,9],"tags":[],"class_list":["post-2492","post","type-post","status-publish","format-standard","has-post-thumbnail","hentry","category-lomasrelevante","category-opinion","entry"],"_links":{"self":[{"href":"https:\/\/lavereda.com.mx\/index.php\/wp-json\/wp\/v2\/posts\/2492","targetHints":{"allow":["GET"]}}],"collection":[{"href":"https:\/\/lavereda.com.mx\/index.php\/wp-json\/wp\/v2\/posts"}],"about":[{"href":"https:\/\/lavereda.com.mx\/index.php\/wp-json\/wp\/v2\/types\/post"}],"author":[{"embeddable":true,"href":"https:\/\/lavereda.com.mx\/index.php\/wp-json\/wp\/v2\/users\/9"}],"replies":[{"embeddable":true,"href":"https:\/\/lavereda.com.mx\/index.php\/wp-json\/wp\/v2\/comments?post=2492"}],"version-history":[{"count":1,"href":"https:\/\/lavereda.com.mx\/index.php\/wp-json\/wp\/v2\/posts\/2492\/revisions"}],"predecessor-version":[{"id":2494,"href":"https:\/\/lavereda.com.mx\/index.php\/wp-json\/wp\/v2\/posts\/2492\/revisions\/2494"}],"wp:featuredmedia":[{"embeddable":true,"href":"https:\/\/lavereda.com.mx\/index.php\/wp-json\/wp\/v2\/media\/2493"}],"wp:attachment":[{"href":"https:\/\/lavereda.com.mx\/index.php\/wp-json\/wp\/v2\/media?parent=2492"}],"wp:term":[{"taxonomy":"category","embeddable":true,"href":"https:\/\/lavereda.com.mx\/index.php\/wp-json\/wp\/v2\/categories?post=2492"},{"taxonomy":"post_tag","embeddable":true,"href":"https:\/\/lavereda.com.mx\/index.php\/wp-json\/wp\/v2\/tags?post=2492"}],"curies":[{"name":"wp","href":"https:\/\/api.w.org\/{rel}","templated":true}]}}