{"id":2486,"date":"2021-10-12T00:19:48","date_gmt":"2021-10-12T00:19:48","guid":{"rendered":"http:\/\/lavereda.com.mx\/?p=2486"},"modified":"2021-10-12T00:27:45","modified_gmt":"2021-10-12T00:27:45","slug":"armando-palomas-regresa-a-torreon","status":"publish","type":"post","link":"https:\/\/lavereda.com.mx\/index.php\/2021\/10\/12\/armando-palomas-regresa-a-torreon\/","title":{"rendered":"Armando Palomas regresa a Torre\u00f3n"},"content":{"rendered":"\n<p>Armando Palomas regresar\u00e1 a Torre\u00f3n el pr\u00f3ximo 30 de octubre, y se presentar\u00e1 en V\u00e9rtigo Music Stage en punto de las 9 de la noche, con su gira \u00abEl payaso con alas en los pies\u201d con la cual cerrar\u00e1 este a\u00f1o visitando ciudades como Saltillo, Le\u00f3n, Guadalajara y Monterrey.<\/p>\n\n\n\n<p>Con m\u00e1s de tres d\u00e9cadas de trayectoria musical presentando canciones y m\u00e1s de 29 discos, Armando se ha consolidado como un compositor de culto. Su l\u00edrica&nbsp;se ha destacado por relatar la&nbsp; vida cotidiana, ademas de tener un estilo fuerte y sarc\u00e1stico, qu\u00e9 convierte su genero en rock alternativo mexicano.<\/p>\n\n\n\n<p>Despu\u00e9s de arrancar su gira \u201cPor el gusto de volvernos a ver\u201d, en la segunda mitad de 2021, comenz\u00f3 una larga serie de presentaciones,&nbsp; particip\u00f3 en un festival de trova online, lanzo un nuevo disco y ademas tuvo una colaboraci\u00f3n con Edgar Oceransky.<\/p>\n\n\n\n<p>El cierre de 2021 tender\u00e1 el camino para iniciar el pr\u00f3ximo a\u00f1o presentando \u00abEl gran burdel\u00bb en el Lunario del Auditorio Nacional el d\u00eda 05 de febrero, producci\u00f3n en la que Palomas ya se encuentra trabajando. Recientemente, estren\u00f3 su nueva producci\u00f3n \u00abCr\u00f3nicas bizarras y requintos de calavera\u00bb a la cual sucedi\u00f3 el lanzamiento del \u00abBolero de la mudanza\u00bb al lado de Edgar Oceransky.<\/p>\n\n\n\n<p>Esta nueva visita a La Comarca Lagunera vendr\u00e1 llena de una nueva colecci\u00f3n de an\u00e9cdotas e historias, un show en formato ac\u00fastico en el que mostrar\u00e1 sus nuevas aventuras musicales y deleitar\u00e1 con sus temas cl\u00e1sicos a todos sus seguidores.<\/p>\n","protected":false},"excerpt":{"rendered":"<p>Armando Palomas regresar\u00e1 a Torre\u00f3n el pr\u00f3ximo 30 de octubre, y se presentar\u00e1 en V\u00e9rtigo Music Stage en punto de las 9 de la noche, con su gira \u00abEl payaso &hellip; <a href=\"https:\/\/lavereda.com.mx\/index.php\/2021\/10\/12\/armando-palomas-regresa-a-torreon\/\" class=\"more-link\">Leer m\u00e1s<\/a><\/p>\n","protected":false},"author":1,"featured_media":2487,"comment_status":"open","ping_status":"open","sticky":false,"template":"","format":"standard","meta":{"footnotes":""},"categories":[4],"tags":[],"class_list":["post-2486","post","type-post","status-publish","format-standard","has-post-thumbnail","hentry","category-musica","entry"],"_links":{"self":[{"href":"https:\/\/lavereda.com.mx\/index.php\/wp-json\/wp\/v2\/posts\/2486","targetHints":{"allow":["GET"]}}],"collection":[{"href":"https:\/\/lavereda.com.mx\/index.php\/wp-json\/wp\/v2\/posts"}],"about":[{"href":"https:\/\/lavereda.com.mx\/index.php\/wp-json\/wp\/v2\/types\/post"}],"author":[{"embeddable":true,"href":"https:\/\/lavereda.com.mx\/index.php\/wp-json\/wp\/v2\/users\/1"}],"replies":[{"embeddable":true,"href":"https:\/\/lavereda.com.mx\/index.php\/wp-json\/wp\/v2\/comments?post=2486"}],"version-history":[{"count":3,"href":"https:\/\/lavereda.com.mx\/index.php\/wp-json\/wp\/v2\/posts\/2486\/revisions"}],"predecessor-version":[{"id":2491,"href":"https:\/\/lavereda.com.mx\/index.php\/wp-json\/wp\/v2\/posts\/2486\/revisions\/2491"}],"wp:featuredmedia":[{"embeddable":true,"href":"https:\/\/lavereda.com.mx\/index.php\/wp-json\/wp\/v2\/media\/2487"}],"wp:attachment":[{"href":"https:\/\/lavereda.com.mx\/index.php\/wp-json\/wp\/v2\/media?parent=2486"}],"wp:term":[{"taxonomy":"category","embeddable":true,"href":"https:\/\/lavereda.com.mx\/index.php\/wp-json\/wp\/v2\/categories?post=2486"},{"taxonomy":"post_tag","embeddable":true,"href":"https:\/\/lavereda.com.mx\/index.php\/wp-json\/wp\/v2\/tags?post=2486"}],"curies":[{"name":"wp","href":"https:\/\/api.w.org\/{rel}","templated":true}]}}