{"id":2483,"date":"2021-10-11T16:51:16","date_gmt":"2021-10-11T16:51:16","guid":{"rendered":"http:\/\/lavereda.com.mx\/?p=2483"},"modified":"2021-10-11T16:51:18","modified_gmt":"2021-10-11T16:51:18","slug":"compania-hoja-en-blanco-celebra-9-anos","status":"publish","type":"post","link":"https:\/\/lavereda.com.mx\/index.php\/2021\/10\/11\/compania-hoja-en-blanco-celebra-9-anos\/","title":{"rendered":"Compa\u00f1\u00eda Hoja en Blanco celebra 9 a\u00f1os"},"content":{"rendered":"\n<p>La Compa\u00f1\u00eda teatral Hoja en Blanco celebra su noveno aniversario con una serie de actividades: una master clases de teatro, la transmisi\u00f3n de videos danza, un performance de danza-pintura y la funci\u00f3n de gala del estreno de la obra Charenton.<\/p>\n\n\n\n<p>Esta historia, que se estrena el 22 de octubre a las 20:00 horas en el Teatro Alvarado, nos habla del antes marqu\u00e9s y ahora se\u00f1or De Sade, prisionero en el manicomio Charenton, quien escribe y monta una obra sobre las decepciones de la revoluci\u00f3n francesa y el asesinato del l\u00edder Jean Paul Marat a manos de Carlota Corday. <\/p>\n\n\n\n<p>Bajo la gerencia del sacerdote Francisco de Coulmier (director ilustrado del manicomio que, a ra\u00edz del ingreso de Sade, intent\u00f3 humanizar -seg\u00fan \u00e9l- los m\u00e9todos de curaci\u00f3n mediante la participaci\u00f3n del grupo de pacientes en actividades teatrales y fue criticado por convertir el manicomio en un espect\u00e1culo), un elenco de pacientes interpreta la obra como puede. Por supuesto, todo aquello se vuelve un urgente descontrol subversivo, on\u00edrico, infernal. \u00bfD\u00f3nde, cu\u00e1ndo y en la cabeza de qui\u00e9n ocurre la obra?<\/p>\n\n\n\n<p>El montaje es montaje es dirigido por Juan Carlos Mart\u00ednez Estrada y la producci\u00f3n es de Cecy Guerrero.<\/p>\n\n\n\n<p>La tambi\u00e9n directora de esta Hoja en Blanco, comparti\u00f3 que con 9 a\u00f1os de experiencia esta compa\u00f1\u00eda auto sustentable y generadora de proyectos teatrales, ha trabajado en pro de la cultura de la regi\u00f3n. \u00abEntre sus objetivos est\u00e1 la continua capacitaci\u00f3n actoral, as\u00ed como en el \u00e1mbito de gesti\u00f3n y producci\u00f3n de espect\u00e1culo esc\u00e9nicos. Desde su nacimiento, HB ha llevado a escena diferentes obras de teatro y proyectos sociales en beneficio a la comunidad lagunera, as\u00ed como impulsado la formaci\u00f3n de actores y actrices cuyo talento es tambi\u00e9n parte importante para conformar elencos en compa\u00f1\u00edas de teatro hermanas\u00bb.<\/p>\n\n\n\n<p>La agrupaci\u00f3n fue fundada el 19 de octubre de 2012, por Uriel Rangel (ex director general) y Cecy Guerrero (actual directora general). Posteriormente, al ser seleccionados en el Diplomado de Producci\u00f3n y Direcci\u00f3n \u201cPr\u00e1ctica de Vuelo 2012\u201d y obtenido el apoyo econ\u00f3mico para su primera producci\u00f3n como dupla de trabajo. As\u00ed fue como se integr\u00f3 HB, donde adem\u00e1s de actores, se cuenta con un equipo s\u00f3lido de trabajo. \u201cLa Pinche India\u201d de Mario Cant\u00fa Toscano, fue el primer montaje de la compa\u00f1\u00eda, obra que cumpli\u00f3 50 representaciones y figur\u00f3 durante 2 a\u00f1os en las carteleras de los diferentes teatros de la regi\u00f3n Lagunera.<\/p>\n\n\n\n<p>Estas son algunas de las actividades que realizar\u00e1n este noveno aniversario:<\/p>\n\n\n\n<ul class=\"wp-block-list\"><li><strong>MASTER CLASS DE TEATRO<\/strong><br>D\u00eda: Martes 19 octubre\u00a0<br>Lugar: Galer\u00eda Centro Cultura R. Mijares\u00a0<br>Horario: 5:00 a 8:00 pm<br>Imparte: Juan Carlos Mart\u00ednez\u00a0<br>Acceso Gratuito, con cupo limitado<br>Inscripciones por inbox del facebook Hoja en Blanco<\/li><li><strong>VIDEOS DANZA<\/strong><br>D\u00eda: Mi\u00e9rcoles 20 de octubre\u00a0<br>Lugar: Redes sociales de Hoja en Blanco\u00a0<br>Horario: transcurso del d\u00eda\u00a0<br>Presenta: Fernanda Canibe y Tatiana Ospina\u00a0<\/li><li><strong>PERFORMANCE ESTRUCTURAS CA\u00cdDAS<\/strong><br>D\u00eda: Jueves 21 octubre\u00a0<br>Lugar: Casa Mud\u00e9jar\u00a0<br>Horario: 20:30 hrs<br>Presenta: Eugenia Orozco\u00a0<br>Acceso: $100<br>Cupo limitado<\/li><li><strong>ESTRENO CHARENTON\u00a0<\/strong>Basada en \u00abMarat\/Sade\u00bb de Peter Weiss<br>D\u00eda: Viernes 22 de octubre\u00a0<br>Lugar: Alberto M. Alvarado (G\u00f3mez Palacio)<br>Horario: 8:00 pm<br>Acceso: $200<br>Cupo limitado\u00a0<\/li><\/ul>\n","protected":false},"excerpt":{"rendered":"<p>La Compa\u00f1\u00eda teatral Hoja en Blanco celebra su noveno aniversario con una serie de actividades: una master clases de teatro, la transmisi\u00f3n de videos danza, un performance de danza-pintura y &hellip; <a href=\"https:\/\/lavereda.com.mx\/index.php\/2021\/10\/11\/compania-hoja-en-blanco-celebra-9-anos\/\" class=\"more-link\">Leer m\u00e1s<\/a><\/p>\n","protected":false},"author":9,"featured_media":2484,"comment_status":"open","ping_status":"open","sticky":false,"template":"","format":"standard","meta":{"footnotes":""},"categories":[2],"tags":[],"class_list":["post-2483","post","type-post","status-publish","format-standard","has-post-thumbnail","hentry","category-artes-escenicas","entry"],"_links":{"self":[{"href":"https:\/\/lavereda.com.mx\/index.php\/wp-json\/wp\/v2\/posts\/2483","targetHints":{"allow":["GET"]}}],"collection":[{"href":"https:\/\/lavereda.com.mx\/index.php\/wp-json\/wp\/v2\/posts"}],"about":[{"href":"https:\/\/lavereda.com.mx\/index.php\/wp-json\/wp\/v2\/types\/post"}],"author":[{"embeddable":true,"href":"https:\/\/lavereda.com.mx\/index.php\/wp-json\/wp\/v2\/users\/9"}],"replies":[{"embeddable":true,"href":"https:\/\/lavereda.com.mx\/index.php\/wp-json\/wp\/v2\/comments?post=2483"}],"version-history":[{"count":1,"href":"https:\/\/lavereda.com.mx\/index.php\/wp-json\/wp\/v2\/posts\/2483\/revisions"}],"predecessor-version":[{"id":2485,"href":"https:\/\/lavereda.com.mx\/index.php\/wp-json\/wp\/v2\/posts\/2483\/revisions\/2485"}],"wp:featuredmedia":[{"embeddable":true,"href":"https:\/\/lavereda.com.mx\/index.php\/wp-json\/wp\/v2\/media\/2484"}],"wp:attachment":[{"href":"https:\/\/lavereda.com.mx\/index.php\/wp-json\/wp\/v2\/media?parent=2483"}],"wp:term":[{"taxonomy":"category","embeddable":true,"href":"https:\/\/lavereda.com.mx\/index.php\/wp-json\/wp\/v2\/categories?post=2483"},{"taxonomy":"post_tag","embeddable":true,"href":"https:\/\/lavereda.com.mx\/index.php\/wp-json\/wp\/v2\/tags?post=2483"}],"curies":[{"name":"wp","href":"https:\/\/api.w.org\/{rel}","templated":true}]}}