{"id":2478,"date":"2021-10-11T15:59:20","date_gmt":"2021-10-11T15:59:20","guid":{"rendered":"http:\/\/lavereda.com.mx\/?p=2478"},"modified":"2021-10-11T15:59:22","modified_gmt":"2021-10-11T15:59:22","slug":"el-tour-de-cine-frances-cumple-25-anos","status":"publish","type":"post","link":"https:\/\/lavereda.com.mx\/index.php\/2021\/10\/11\/el-tour-de-cine-frances-cumple-25-anos\/","title":{"rendered":"El Tour de Cine Franc\u00e9s cumple 25 a\u00f1os"},"content":{"rendered":"\n<p>Con la frase \u00abestamos de manteles largos\u00bb el Tour de cine Franc\u00e9s anunci\u00f3 que ser\u00e1n siete pel\u00edculas francesas las que conforman esta edici\u00f3n 2021, y en esta ocasi\u00f3n se podr\u00e1 apreciar en la pantalla, g\u00e9neros como la comedia, el drama y el thriller.<\/p>\n\n\n\n<p>La cita es a partir de este 14 de octubre de 2021, el Tour recorrer\u00e1 73 ciudades de la Rep\u00fablica Mexicana de forma simult\u00e1nea, entre las cuales se encuentra Torre\u00f3n.<\/p>\n\n\n\n<p>El Tour de Cine Franc\u00e9s, es un deleite para los sentidos que nos recuerda por qu\u00e9 amamos el cine en la pantalla grande. Te esperamos de manera presencial para disfrutar su vig\u00e9sima quinta edici\u00f3n. Las salas de cine cuentan con estrictas medidas sanitarias de limpieza y desinfecci\u00f3n, adem\u00e1s de otras medidas como la sana distancia, el uso de cubrebocas y la renovaci\u00f3n del aire dentro de las salas, para la tranquilidad y seguridad de todos los espectadores y empleados, que es nuestra prioridad.<\/p>\n\n\n\n<p>Fundada por Nueva Era Films, Cin\u00e9polis\u00ae y la Embajada de Francia en M\u00e9xico, esta muestra itinerante tiene el prop\u00f3sito de promover el cine franc\u00e9s, y crear un nuevo p\u00fablico cinematogr\u00e1fico \u00e1vido por la cultura y el lenguaje galo.&nbsp;<\/p>\n\n\n\n<p>Creado en 1997, el Tour tiene en su haber m\u00e1s de 180 filmes proyectados a lo largo de sus 25 a\u00f1os de vida y se ha convertido en una tradici\u00f3n anual dentro de la agenda cinematogr\u00e1fica de M\u00e9xico, siendo el festival de cine itinerante m\u00e1s grande y con mayor proyecci\u00f3n en nuestro pa\u00eds.&nbsp;<\/p>\n\n\n\n<div class=\"wp-block-image\"><figure class=\"aligncenter size-large is-resized\"><img fetchpriority=\"high\" decoding=\"async\" src=\"https:\/\/lavereda.com.mx\/wp-content\/uploads\/2021\/10\/unnamed-3.jpeg\" alt=\"\" class=\"wp-image-2479\" width=\"453\" height=\"651\" srcset=\"https:\/\/lavereda.com.mx\/wp-content\/uploads\/2021\/10\/unnamed-3.jpeg 684w, https:\/\/lavereda.com.mx\/wp-content\/uploads\/2021\/10\/unnamed-3-209x300.jpeg 209w\" sizes=\"(max-width: 453px) 100vw, 453px\" \/><\/figure><\/div>\n\n\n\n<p>Como cada a\u00f1o, el p\u00fablico mexicano podr\u00e1 disfrutar de lo mejor de la cinematograf\u00eda contempor\u00e1nea francesa, en su idioma original con subt\u00edtulos en espa\u00f1ol, en el emblem\u00e1tico Tour de Cine Franc\u00e9s. <\/p>\n\n\n\n<p>Les compartimos los t\u00edtulos de las pel\u00edculas que se estar\u00e1n proyectando en este Tour, Adi\u00f3s, Idiotas (Adieu Les Cons), Caja Negra (Bo\u00eete Noire), Delicioso (D\u00e9licieux), El Hombre Del S\u00f3tano (L&#8217;homme De La Cave), Fantas\u00edas (Les Fantasmes), Mand\u00edbulas (Mandibules), Mientras Est\u00e9 Vivo (De Son Vivant)<\/p>\n\n\n\n<p>Se tiene contemplado un CINEBONO que consta de 4 boletos en complejos tradicionales o 2 boletos en complejos VIP con un costo de $180 pesos. Este cinebono se adquiere y es canjeable en las taquillas de los conjuntos participantes.<\/p>\n\n\n\n<p>Adem\u00e1s de su exhibici\u00f3n en M\u00e9xico, a trav\u00e9s de la alianza entre Nueva Era y Cin\u00e9polis, el Tour de Cine Franc\u00e9s se replica desde 2002 en 6 pa\u00edses de Centroam\u00e9rica en las salas de Cin\u00e9polis<\/p>\n\n\n\n<p>Para m\u00e1s informaci\u00f3n, visita: https:\/\/cinepolis.com\/sala-de-arte#&nbsp;<\/p>\n","protected":false},"excerpt":{"rendered":"<p>Con la frase \u00abestamos de manteles largos\u00bb el Tour de cine Franc\u00e9s anunci\u00f3 que ser\u00e1n siete pel\u00edculas francesas las que conforman esta edici\u00f3n 2021, y en esta ocasi\u00f3n se podr\u00e1 &hellip; <a href=\"https:\/\/lavereda.com.mx\/index.php\/2021\/10\/11\/el-tour-de-cine-frances-cumple-25-anos\/\" class=\"more-link\">Leer m\u00e1s<\/a><\/p>\n","protected":false},"author":1,"featured_media":2480,"comment_status":"open","ping_status":"open","sticky":false,"template":"","format":"standard","meta":{"footnotes":""},"categories":[3,6,7,18],"tags":[],"class_list":["post-2478","post","type-post","status-publish","format-standard","has-post-thumbnail","hentry","category-artes-visuales","category-cinetv","category-entretenimiento","category-lomasrelevante","entry"],"_links":{"self":[{"href":"https:\/\/lavereda.com.mx\/index.php\/wp-json\/wp\/v2\/posts\/2478","targetHints":{"allow":["GET"]}}],"collection":[{"href":"https:\/\/lavereda.com.mx\/index.php\/wp-json\/wp\/v2\/posts"}],"about":[{"href":"https:\/\/lavereda.com.mx\/index.php\/wp-json\/wp\/v2\/types\/post"}],"author":[{"embeddable":true,"href":"https:\/\/lavereda.com.mx\/index.php\/wp-json\/wp\/v2\/users\/1"}],"replies":[{"embeddable":true,"href":"https:\/\/lavereda.com.mx\/index.php\/wp-json\/wp\/v2\/comments?post=2478"}],"version-history":[{"count":2,"href":"https:\/\/lavereda.com.mx\/index.php\/wp-json\/wp\/v2\/posts\/2478\/revisions"}],"predecessor-version":[{"id":2482,"href":"https:\/\/lavereda.com.mx\/index.php\/wp-json\/wp\/v2\/posts\/2478\/revisions\/2482"}],"wp:featuredmedia":[{"embeddable":true,"href":"https:\/\/lavereda.com.mx\/index.php\/wp-json\/wp\/v2\/media\/2480"}],"wp:attachment":[{"href":"https:\/\/lavereda.com.mx\/index.php\/wp-json\/wp\/v2\/media?parent=2478"}],"wp:term":[{"taxonomy":"category","embeddable":true,"href":"https:\/\/lavereda.com.mx\/index.php\/wp-json\/wp\/v2\/categories?post=2478"},{"taxonomy":"post_tag","embeddable":true,"href":"https:\/\/lavereda.com.mx\/index.php\/wp-json\/wp\/v2\/tags?post=2478"}],"curies":[{"name":"wp","href":"https:\/\/api.w.org\/{rel}","templated":true}]}}