{"id":2460,"date":"2021-10-08T23:27:40","date_gmt":"2021-10-08T23:27:40","guid":{"rendered":"http:\/\/lavereda.com.mx\/?p=2460"},"modified":"2021-10-08T23:30:19","modified_gmt":"2021-10-08T23:30:19","slug":"mijares-en-el-coliseo-centenario","status":"publish","type":"post","link":"https:\/\/lavereda.com.mx\/index.php\/2021\/10\/08\/mijares-en-el-coliseo-centenario\/","title":{"rendered":"Mijares en el Coliseo Centenario"},"content":{"rendered":"\n<p>Lleg\u00f3 octubre y con ello las sorpresas que el Coliseo Centenario estaba preparando, entre los conciertos que ofrecer\u00e1 este mes, llega Mijares uno de los m\u00e1s grandes exponentes de la balada pop rom\u00e1ntica de M\u00e9xico, para enamorar con sus mejores \u00e9xitos, la cita es el viernes 22 de Octubre en punto de las 9 de la noche.<\/p>\n\n\n\n<p>Hablamos de Mijares como int\u00e9rprete, compositor y productor de diversos \u00e9xitos, quien arribar\u00e1 al imponente Coliseo Centenario de Torre\u00f3n, Coahuila, para hacer vibrar a todos sus fans con lo mejor de su m\u00fasica.<\/p>\n\n\n\n<p>Jos\u00e9 Manuel Mijares Mor\u00e1n naci\u00f3 en la Ciudad de M\u00e9xico en 1958. De ni\u00f1o, en su escuela sol\u00eda cantar en el coro. Su inquietud musical se reflej\u00f3 en los grupos musicales que form\u00f3 con sus amigos. Entre ellos el grupo musical \u00abSentido\u00bb en un principio, y posteriormente, el grupo musical \u00abLos Continentales\u00bb, en el cual se desempe\u00f1\u00f3 como vocalista durante 7 a\u00f1os. Incursiona como cantante en 1981 en el festival Valores Juveniles, donde demostr\u00f3 su gran humildad y valor de ser humano.<\/p>\n\n\n\n<p>En cada rinc\u00f3n del Coliseo Centenario se podr\u00e1n escuchar sus melod\u00edas como \u201cPara amarnos m\u00e1s\u201d, \u201cSoldado del amor, \u00abEl privilegio de amar\u00bb y \u00abBella\u00bb.<\/p>\n\n\n\n<p>Si eres fan de estos \u00e9xitos, y del interprete, no te puedes perder la oportunidad de asistir a este magnifico concierto.<\/p>\n\n\n\n<p>La venta de boletos inici\u00f3 desde el lunes 6 de Septiembre en punto de las 10:00am en Taquilla de Coliseo.<\/p>\n\n\n\n<p>Adem\u00e1s puedes visitar centros de venta Boleta o revisar la p\u00e1gina &nbsp;www.boletea.com<\/p>\n\n\n\n<p style=\"font-size:11px\">&nbsp;Fuente: Facebook \/ coliseo centenario y Dondehayferia.com<\/p>\n","protected":false},"excerpt":{"rendered":"<p>Lleg\u00f3 octubre y con ello las sorpresas que el Coliseo Centenario estaba preparando, entre los conciertos que ofrecer\u00e1 este mes, llega Mijares uno de los m\u00e1s grandes exponentes de la &hellip; <a href=\"https:\/\/lavereda.com.mx\/index.php\/2021\/10\/08\/mijares-en-el-coliseo-centenario\/\" class=\"more-link\">Leer m\u00e1s<\/a><\/p>\n","protected":false},"author":14,"featured_media":2461,"comment_status":"open","ping_status":"open","sticky":false,"template":"","format":"standard","meta":{"footnotes":""},"categories":[18,4],"tags":[],"class_list":["post-2460","post","type-post","status-publish","format-standard","has-post-thumbnail","hentry","category-lomasrelevante","category-musica","entry"],"_links":{"self":[{"href":"https:\/\/lavereda.com.mx\/index.php\/wp-json\/wp\/v2\/posts\/2460","targetHints":{"allow":["GET"]}}],"collection":[{"href":"https:\/\/lavereda.com.mx\/index.php\/wp-json\/wp\/v2\/posts"}],"about":[{"href":"https:\/\/lavereda.com.mx\/index.php\/wp-json\/wp\/v2\/types\/post"}],"author":[{"embeddable":true,"href":"https:\/\/lavereda.com.mx\/index.php\/wp-json\/wp\/v2\/users\/14"}],"replies":[{"embeddable":true,"href":"https:\/\/lavereda.com.mx\/index.php\/wp-json\/wp\/v2\/comments?post=2460"}],"version-history":[{"count":4,"href":"https:\/\/lavereda.com.mx\/index.php\/wp-json\/wp\/v2\/posts\/2460\/revisions"}],"predecessor-version":[{"id":2472,"href":"https:\/\/lavereda.com.mx\/index.php\/wp-json\/wp\/v2\/posts\/2460\/revisions\/2472"}],"wp:featuredmedia":[{"embeddable":true,"href":"https:\/\/lavereda.com.mx\/index.php\/wp-json\/wp\/v2\/media\/2461"}],"wp:attachment":[{"href":"https:\/\/lavereda.com.mx\/index.php\/wp-json\/wp\/v2\/media?parent=2460"}],"wp:term":[{"taxonomy":"category","embeddable":true,"href":"https:\/\/lavereda.com.mx\/index.php\/wp-json\/wp\/v2\/categories?post=2460"},{"taxonomy":"post_tag","embeddable":true,"href":"https:\/\/lavereda.com.mx\/index.php\/wp-json\/wp\/v2\/tags?post=2460"}],"curies":[{"name":"wp","href":"https:\/\/api.w.org\/{rel}","templated":true}]}}