{"id":2453,"date":"2021-10-07T23:26:23","date_gmt":"2021-10-07T23:26:23","guid":{"rendered":"http:\/\/lavereda.com.mx\/?p=2453"},"modified":"2021-10-08T02:20:35","modified_gmt":"2021-10-08T02:20:35","slug":"coahuila-esta-listo-para-su-participacion-en-el-cervantino","status":"publish","type":"post","link":"https:\/\/lavereda.com.mx\/index.php\/2021\/10\/07\/coahuila-esta-listo-para-su-participacion-en-el-cervantino\/","title":{"rendered":"Coahuila est\u00e1 listo para su participaci\u00f3n en el cervantino"},"content":{"rendered":"\n<p>Coahuila y sus artistas se encuentran listos para participar de la 49 edici\u00f3n del Festival Internacional Cervantino, mismo que se realizar\u00e1 del 13 al 31 de octubre bajo un formato h\u00edbrido, y en el que la entidad es Invitado de Honor.<\/p>\n\n\n\n<p>Como se recordar\u00e1, la delegaci\u00f3n art\u00edstica est\u00e1 integrada por 590 coahuilenses, quienes presentar\u00e1n alrededor de 65 actividades, entre las que destacan danza, teatro, m\u00fasica, artes visuales y cine, as\u00ed como actividades acad\u00e9micas.<\/p>\n\n\n\n<p>La Secretaria de Cultura del Estado, Ana Sof\u00eda Garc\u00eda Camil, mencion\u00f3 que la entidad estar\u00e1 representada desde la inauguraci\u00f3n con el concierto de la Orquesta Filarm\u00f3nica del Estado de Coahuila y el grupo cubano Van Van.<\/p>\n\n\n\n<p>Adem\u00e1s, destac\u00f3 que se le dar\u00e1 proyecci\u00f3n tur\u00edstica a la entidad a trav\u00e9s de exposiciones y venta de productos artesanales, rutas tur\u00edsticas, productos gastron\u00f3micos, vinos de Coahuila y sotoles, y a\u00f1adi\u00f3 que durante esta edici\u00f3n ser\u00e1n 102 espect\u00e1culos, de los cuales 81 se realizar\u00e1n en el Estado de Guanajuato y 29 a trav\u00e9s de las plataformas digitales. <\/p>\n\n\n\n<blockquote class=\"wp-block-quote is-layout-flow wp-block-quote-is-layout-flow\"><p>De esta manera y durante 19 d\u00edas, se presentar\u00e1 lo m\u00e1s destacado de la escena internacional y nacional, ofreciendo al p\u00fablico presente y en l\u00ednea nuevos espect\u00e1culos.<\/p><cite>Garc\u00eda Camil<\/cite><\/blockquote>\n\n\n\n<p>En el caso de Coahuila, la programaci\u00f3n completa del Estado se podr\u00e1 consultar en la p\u00e1gina web www.coahuilacultura.gob.mx y en las plataformas digitales de la Secretar\u00eda de Cultura estatal.<\/p>\n\n\n\n<p>Finalmente, se inform\u00f3 que la compra de boletos ser\u00e1 a trav\u00e9s de sistema Ticketmaster, en cuanto a la oferta gratuita estar\u00e1 disponible en las plataformas oficiales del FIC.<\/p>\n","protected":false},"excerpt":{"rendered":"<p>Coahuila y sus artistas se encuentran listos para participar de la 49 edici\u00f3n del Festival Internacional Cervantino, mismo que se realizar\u00e1 del 13 al 31 de octubre bajo un formato &hellip; <a href=\"https:\/\/lavereda.com.mx\/index.php\/2021\/10\/07\/coahuila-esta-listo-para-su-participacion-en-el-cervantino\/\" class=\"more-link\">Leer m\u00e1s<\/a><\/p>\n","protected":false},"author":1,"featured_media":2454,"comment_status":"open","ping_status":"open","sticky":false,"template":"","format":"standard","meta":{"footnotes":""},"categories":[2],"tags":[],"class_list":["post-2453","post","type-post","status-publish","format-standard","has-post-thumbnail","hentry","category-artes-escenicas","entry"],"_links":{"self":[{"href":"https:\/\/lavereda.com.mx\/index.php\/wp-json\/wp\/v2\/posts\/2453","targetHints":{"allow":["GET"]}}],"collection":[{"href":"https:\/\/lavereda.com.mx\/index.php\/wp-json\/wp\/v2\/posts"}],"about":[{"href":"https:\/\/lavereda.com.mx\/index.php\/wp-json\/wp\/v2\/types\/post"}],"author":[{"embeddable":true,"href":"https:\/\/lavereda.com.mx\/index.php\/wp-json\/wp\/v2\/users\/1"}],"replies":[{"embeddable":true,"href":"https:\/\/lavereda.com.mx\/index.php\/wp-json\/wp\/v2\/comments?post=2453"}],"version-history":[{"count":4,"href":"https:\/\/lavereda.com.mx\/index.php\/wp-json\/wp\/v2\/posts\/2453\/revisions"}],"predecessor-version":[{"id":2466,"href":"https:\/\/lavereda.com.mx\/index.php\/wp-json\/wp\/v2\/posts\/2453\/revisions\/2466"}],"wp:featuredmedia":[{"embeddable":true,"href":"https:\/\/lavereda.com.mx\/index.php\/wp-json\/wp\/v2\/media\/2454"}],"wp:attachment":[{"href":"https:\/\/lavereda.com.mx\/index.php\/wp-json\/wp\/v2\/media?parent=2453"}],"wp:term":[{"taxonomy":"category","embeddable":true,"href":"https:\/\/lavereda.com.mx\/index.php\/wp-json\/wp\/v2\/categories?post=2453"},{"taxonomy":"post_tag","embeddable":true,"href":"https:\/\/lavereda.com.mx\/index.php\/wp-json\/wp\/v2\/tags?post=2453"}],"curies":[{"name":"wp","href":"https:\/\/api.w.org\/{rel}","templated":true}]}}