{"id":245,"date":"2020-08-15T05:38:04","date_gmt":"2020-08-15T05:38:04","guid":{"rendered":"https:\/\/web.lavereda.com.mx\/?p=245"},"modified":"2020-08-15T05:38:04","modified_gmt":"2020-08-15T05:38:04","slug":"fallece-ennio-morricone-genio-de-la-musica-y-la-pantalla","status":"publish","type":"post","link":"https:\/\/lavereda.com.mx\/index.php\/2020\/08\/15\/fallece-ennio-morricone-genio-de-la-musica-y-la-pantalla\/","title":{"rendered":"Fallece Ennio Morricone, genio de la m\u00fasica y la pantalla"},"content":{"rendered":"\n<p>Un genio de la m\u00fasica y la pantalla inolvidable. El compositor italiano Ennio Morricone, quien gan\u00f3 un Oscar por su trabajo en &#8216;Los odiosos ocho&#8217; de Quentin Tarantino, muri\u00f3 en Roma debido a complicaciones despu\u00e9s de una ca\u00edda.&nbsp;<\/p>\n\n\n\n<hr class=\"wp-block-separator\" id=\"system-readmore\"\/>\n\n\n\n<p>Morricone compuso m\u00e1s de 500 bandas sonoras y su m\u00fasica ha aportado una atm\u00f3sfera inolvidable a pel\u00edculas ic\u00f3nicas como &#8216;Cinema Paradiso&#8217;, &#8216;El bueno, el feo y el malo&#8217; y &#8216;\u00c9rase una vez en Am\u00e9rica\u2019.<\/p>\n\n\n\n<p>Seg\u00fan un comunicado emitido por su familia, el compositor falleci\u00f3 tras despedirse de su esposa, Mar\u00eda, y haber dedicado \u00abun emocionado recuerdo a su p\u00fablico, de cuyo cari\u00f1oso apoyo ha obtenido siempre la fuerza de su propia creatividad\u00bb.<\/p>\n\n\n\n<p>Ganador del&nbsp;Oscar a la mejor banda sonora en 2016&nbsp;por la m\u00fasica de \u00abLos odiosos ocho\u00bb (The Hateful Eight), de Quentin Tarantino, Morricone era sin embargo conocido mundialmente desde la d\u00e9cada de 1960, y su trayectoria ya hab\u00eda sido reconocida con un Oscar honorario en 2007.<\/p>\n\n\n\n<p>Destacan tambi\u00e9n,&nbsp;entre otros, sus trabajos en pel\u00edculas del&nbsp;&nbsp;\u2018Spaguetti Western\u2019&nbsp;de la mano de su amigo, como \u2018Por un pu\u00f1ado de d\u00f3lares\u2019 de 1964,&nbsp;\u2018La muerte ten\u00eda un precio\u2019 de 1965,&nbsp;1966 o&nbsp;\u2018Hasta que lleg\u00f3 su hora\u2019 de 1968.&nbsp;<\/p>\n\n\n\n<p>No obstante, su obra se extendi\u00f3 a multitud de g\u00e9neros de composici\u00f3n, convirti\u00e9ndolo as\u00ed en uno de los compositores m\u00e1s vers\u00e1tiles de la historia del cine y tambi\u00e9n de los m\u00e1s influyentes del&nbsp;siglo XX.<\/p>\n\n\n\n<p><em>Con informaci\u00f3n de BBC y Agencias.<\/em><\/p>\n","protected":false},"excerpt":{"rendered":"<p>Un genio de la m\u00fasica y la pantalla inolvidable. El compositor italiano Ennio Morricone, quien gan\u00f3 un Oscar por su trabajo en &#8216;Los odiosos ocho&#8217; de Quentin Tarantino, muri\u00f3 en Roma debido a complicaciones despu\u00e9s de una ca\u00edda. <\/p>\n","protected":false},"author":1,"featured_media":246,"comment_status":"open","ping_status":"open","sticky":false,"template":"","format":"standard","meta":{"footnotes":""},"categories":[6],"tags":[],"class_list":["post-245","post","type-post","status-publish","format-standard","has-post-thumbnail","hentry","category-cinetv","entry"],"_links":{"self":[{"href":"https:\/\/lavereda.com.mx\/index.php\/wp-json\/wp\/v2\/posts\/245","targetHints":{"allow":["GET"]}}],"collection":[{"href":"https:\/\/lavereda.com.mx\/index.php\/wp-json\/wp\/v2\/posts"}],"about":[{"href":"https:\/\/lavereda.com.mx\/index.php\/wp-json\/wp\/v2\/types\/post"}],"author":[{"embeddable":true,"href":"https:\/\/lavereda.com.mx\/index.php\/wp-json\/wp\/v2\/users\/1"}],"replies":[{"embeddable":true,"href":"https:\/\/lavereda.com.mx\/index.php\/wp-json\/wp\/v2\/comments?post=245"}],"version-history":[{"count":1,"href":"https:\/\/lavereda.com.mx\/index.php\/wp-json\/wp\/v2\/posts\/245\/revisions"}],"predecessor-version":[{"id":247,"href":"https:\/\/lavereda.com.mx\/index.php\/wp-json\/wp\/v2\/posts\/245\/revisions\/247"}],"wp:featuredmedia":[{"embeddable":true,"href":"https:\/\/lavereda.com.mx\/index.php\/wp-json\/wp\/v2\/media\/246"}],"wp:attachment":[{"href":"https:\/\/lavereda.com.mx\/index.php\/wp-json\/wp\/v2\/media?parent=245"}],"wp:term":[{"taxonomy":"category","embeddable":true,"href":"https:\/\/lavereda.com.mx\/index.php\/wp-json\/wp\/v2\/categories?post=245"},{"taxonomy":"post_tag","embeddable":true,"href":"https:\/\/lavereda.com.mx\/index.php\/wp-json\/wp\/v2\/tags?post=245"}],"curies":[{"name":"wp","href":"https:\/\/api.w.org\/{rel}","templated":true}]}}