{"id":2441,"date":"2021-10-06T23:57:57","date_gmt":"2021-10-06T23:57:57","guid":{"rendered":"http:\/\/lavereda.com.mx\/?p=2441"},"modified":"2021-10-07T02:03:09","modified_gmt":"2021-10-07T02:03:09","slug":"joven-pianista-raul-salazar-debutara-con-la-camerata-de-coahuila","status":"publish","type":"post","link":"https:\/\/lavereda.com.mx\/index.php\/2021\/10\/06\/joven-pianista-raul-salazar-debutara-con-la-camerata-de-coahuila\/","title":{"rendered":"Joven pianista Ra\u00fal Salazar, debutar\u00e1 con la Camerata de Coahuila."},"content":{"rendered":"\n<p>La Camerata de Coahuila presenta el debut del joven pianista Ra\u00fal Salazar, en su cuarto concierto de la Temporada Oto\u00f1o Invierno 2021, con obras de Wolfgang Amadeus Mozart, bajo la direcci\u00f3n del Mtro. Ram\u00f3n Shade<\/p>\n\n\n\n<p>Ra\u00fal Salazar Guti\u00e9rrez es originario de Guadalajara, Jalisco. A la edad de tres a\u00f1os comenz\u00f3 su formaci\u00f3n musical en su ciudad natal. Desde el 2017, \u00e9l y su familia cambian de residencia a la ciudad de Torre\u00f3n, con el prop\u00f3sito de continuar sus estudios bajo la tutela de la Maestra Mariana Chabukiani, pianista titular de la Camerata de Coahuila.<\/p>\n\n\n\n<div class=\"wp-block-image\"><figure class=\"aligncenter size-large is-resized\"><img fetchpriority=\"high\" decoding=\"async\" src=\"https:\/\/lavereda.com.mx\/wp-content\/uploads\/2021\/10\/RAUL-CARNEGIE-HALL-PREMIOS-1-2.jpg\" alt=\"\" class=\"wp-image-2447\" width=\"338\" height=\"253\" srcset=\"https:\/\/lavereda.com.mx\/wp-content\/uploads\/2021\/10\/RAUL-CARNEGIE-HALL-PREMIOS-1-2.jpg 1000w, https:\/\/lavereda.com.mx\/wp-content\/uploads\/2021\/10\/RAUL-CARNEGIE-HALL-PREMIOS-1-2-300x225.jpg 300w, https:\/\/lavereda.com.mx\/wp-content\/uploads\/2021\/10\/RAUL-CARNEGIE-HALL-PREMIOS-1-2-768x576.jpg 768w\" sizes=\"(max-width: 338px) 100vw, 338px\" \/><\/figure><\/div>\n\n\n\n<p>Ra\u00fal Salazar, gan\u00f3 el primer lugar en el \u201cXI Concurso Nacional Abierto de J\u00f3venes Pianistas Parnass\u00f3s\u201d, Primer lugar en el \u201cIV Concurso Nacional Infantil de Piano Cedros UP- Yamaha\u201d; Primer lugar en el \u201cPrimer Concurso Internacional de Piano Cuervo- Petrof\u201d, Primer lugar en el \u201cSalzburg Grand Prize Virtuoso\u201d, Primer lugar en el \u201c2020 Queensboro International Music Competition\u201d en Nueva York, como mejor interpretaci\u00f3n de obra obligatoria y tercer lugar en el \u201cIII Concurso Nacional Infantil de Piano Cedros UP- Yamaha\u201d, Primer lugar en \u201cAegio International Piano Competition\u201d en Canad\u00e1, \u201cGolden Hands Award\u201d en el \u201cCarles and Sof\u00eda Internatioonal Piano Competition\u201d de Espa\u00f1a.<\/p>\n\n\n\n<p>A los diez a\u00f1os, gana el \u201cX Forte International Music Competition\u201d en la sala Weill del \u201cCarnegie Hall\u201d en la ciudad de Nueva York en donde recibe el premio Platino que se le otorga al competidor con las mejores habilidades musicales, t\u00e9cnicas y art\u00edsticas sobre todas las categor\u00edas de cuatro a treinta y cinco a\u00f1os; tambi\u00e9n gana medalla de oro, y premio a la mejor t\u00e9cnica pian\u00edstica. As\u00ed mismo, su Maestra Mariana Chabukiani recibe una distinci\u00f3n de excelencia y un premio por su destacada labor pedag\u00f3gica.<\/p>\n\n\n\n<p>En Mayo del 2020, es galardonado con el Primer Lugar en Munich, Alemania; en el concurso de piano organizado por la prestigiosa casa editorial de partituras \u201cG.Henle Verlag\u201d, quien convoc\u00f3 de manera virtual a j\u00f3venes de todas las nacionalidades a interpretar alguna obra del periodo compositivo temprano de Ludwig Van Beethoven.<\/p>\n\n\n\n<p>En Julio del 2021 fue aceptado por la \u201cJuilliard School\u201d de Nueva York, para formar parte del curso anual de verano en donde particip\u00f3 junto a talentosos pianistas j\u00f3venes de todo el mundo.<\/p>\n\n\n\n<p>El Maestro Ram\u00f3n Shade Villarreal, fundador y director art\u00edstico de nuestra orquesta, participo como Director Hu\u00e9sped en la Orquesta Sinf\u00f3nica de Yucat\u00e1n, en el tercer recital de la XXXVI temporada de la Orquesta Sinf\u00f3nica de Yucat\u00e1n (OSY) que tuvo lugar el pasado 01 y 03 de octubre, en el teatro Jos\u00e9 Pe\u00f3n Contreras de M\u00e9rida, Yucat\u00e1n.<\/p>\n\n\n\n<p>Sinfon\u00eda No. 100 \u201cMilitar\u201d, del austriaco Franz Joseph Haydn; Les \u00c9olides, de C\u00e9sar Franck, y Jeux d\u2019 enfants, Op. 22, Petite suite, de Georges Bizet fueron las obras que integraron el concierto.<\/p>\n\n\n\n<div class=\"wp-block-image\"><figure class=\"aligncenter size-large is-resized\"><img decoding=\"async\" src=\"https:\/\/lavereda.com.mx\/wp-content\/uploads\/2021\/10\/FLYER-CONCIERTO.jpg\" alt=\"\" class=\"wp-image-2442\" width=\"269\" height=\"416\" srcset=\"https:\/\/lavereda.com.mx\/wp-content\/uploads\/2021\/10\/FLYER-CONCIERTO.jpg 620w, https:\/\/lavereda.com.mx\/wp-content\/uploads\/2021\/10\/FLYER-CONCIERTO-194x300.jpg 194w\" sizes=\"(max-width: 269px) 100vw, 269px\" \/><\/figure><\/div>\n\n\n\n<p><strong>Cuarto concierto de temporada<\/strong><\/p>\n\n\n\n<p>Este cuarto programa contar\u00e1 con el \u201cConcierto para piano no. 23 en La Mayor KV.488\u201d y \u201cSinfon\u00eda no. 40 en sol menor KV.550\u201d, esta \u00faltima fue la pen\u00faltima sinfon\u00eda compuesta y una de las sinfon\u00edas m\u00e1s reconocidas en el mundo, del c\u00e9lebre compositor Wolfgang Amadeus Mozart.<\/p>\n\n\n\n<p>El concierto ser\u00e1 completamente gratuito, el acceso al p\u00fablico ser\u00e1 a partir de los 12 a\u00f1os, con un cupo limitado de 520 personas, lo que representa un 75% de la capacidad total del recinto.<\/p>\n\n\n\n<p>La entrega de boletos se realizar\u00e1 en las taquillas del teatro, a partir del mi\u00e9rcoles 06 de octubre, iniciando en punto de las 10:00 horas, hasta agotar existencia.<\/p>\n\n\n\n<p>La cita para el cuarto concierto, es este pr\u00f3ximo viernes 08 de octubre en punto de las 20:30 horas.<\/p>\n","protected":false},"excerpt":{"rendered":"<p>La Camerata de Coahuila presenta el debut del joven pianista Ra\u00fal Salazar, en su cuarto concierto de la Temporada Oto\u00f1o Invierno 2021, con obras de Wolfgang Amadeus Mozart, bajo la &hellip; <a href=\"https:\/\/lavereda.com.mx\/index.php\/2021\/10\/06\/joven-pianista-raul-salazar-debutara-con-la-camerata-de-coahuila\/\" class=\"more-link\">Leer m\u00e1s<\/a><\/p>\n","protected":false},"author":1,"featured_media":2448,"comment_status":"open","ping_status":"open","sticky":false,"template":"","format":"standard","meta":{"footnotes":""},"categories":[7,18,4],"tags":[],"class_list":["post-2441","post","type-post","status-publish","format-standard","has-post-thumbnail","hentry","category-entretenimiento","category-lomasrelevante","category-musica","entry"],"_links":{"self":[{"href":"https:\/\/lavereda.com.mx\/index.php\/wp-json\/wp\/v2\/posts\/2441","targetHints":{"allow":["GET"]}}],"collection":[{"href":"https:\/\/lavereda.com.mx\/index.php\/wp-json\/wp\/v2\/posts"}],"about":[{"href":"https:\/\/lavereda.com.mx\/index.php\/wp-json\/wp\/v2\/types\/post"}],"author":[{"embeddable":true,"href":"https:\/\/lavereda.com.mx\/index.php\/wp-json\/wp\/v2\/users\/1"}],"replies":[{"embeddable":true,"href":"https:\/\/lavereda.com.mx\/index.php\/wp-json\/wp\/v2\/comments?post=2441"}],"version-history":[{"count":2,"href":"https:\/\/lavereda.com.mx\/index.php\/wp-json\/wp\/v2\/posts\/2441\/revisions"}],"predecessor-version":[{"id":2450,"href":"https:\/\/lavereda.com.mx\/index.php\/wp-json\/wp\/v2\/posts\/2441\/revisions\/2450"}],"wp:featuredmedia":[{"embeddable":true,"href":"https:\/\/lavereda.com.mx\/index.php\/wp-json\/wp\/v2\/media\/2448"}],"wp:attachment":[{"href":"https:\/\/lavereda.com.mx\/index.php\/wp-json\/wp\/v2\/media?parent=2441"}],"wp:term":[{"taxonomy":"category","embeddable":true,"href":"https:\/\/lavereda.com.mx\/index.php\/wp-json\/wp\/v2\/categories?post=2441"},{"taxonomy":"post_tag","embeddable":true,"href":"https:\/\/lavereda.com.mx\/index.php\/wp-json\/wp\/v2\/tags?post=2441"}],"curies":[{"name":"wp","href":"https:\/\/api.w.org\/{rel}","templated":true}]}}