{"id":2435,"date":"2021-10-06T15:31:29","date_gmt":"2021-10-06T15:31:29","guid":{"rendered":"http:\/\/lavereda.com.mx\/?p=2435"},"modified":"2021-10-06T15:31:30","modified_gmt":"2021-10-06T15:31:30","slug":"la-banda-municipal-de-torreon-presentara-su-ep-en-el-teatro-nazas","status":"publish","type":"post","link":"https:\/\/lavereda.com.mx\/index.php\/2021\/10\/06\/la-banda-municipal-de-torreon-presentara-su-ep-en-el-teatro-nazas\/","title":{"rendered":"La Banda Municipal de Torre\u00f3n presentar\u00e1 su EP en el Teatro Nazas"},"content":{"rendered":"\n<p>Bajo la direcci\u00f3n del maestro Juan Barrios Ch\u00e1vez, acompa\u00f1ada del Coro INMUS y el Tenor Bernardo Fierros la banda municipal de Torre\u00f3n ofrecer\u00e1 un concierto en el Teatro Nazas, en el que por primera vez en un escenario presentar\u00e1n el material de su primer EP titulado \u201cTorre\u00f3n de Moda\u201d el cual fue lanzado a inicios del presente a\u00f1o, asimismo, la Banda Municipal tambi\u00e9n interpretar\u00e1 una propuesta para el Himno de Torre\u00f3n, compuesto por el maestro Ricardo Serna.<\/p>\n\n\n\n<p>El concierto se llevar\u00e1 a cabo este jueves 7 de octubre a las 20:00 hrs. en el Teatro Nazas, el cual permitir\u00e1 un cupo del 70% del aforo total del recinto, el acceso ser\u00e1 libre para todo el p\u00fablico, la recomendaci\u00f3n es llegar con anticipaci\u00f3n para evitar aglomeraciones y alcanzar lugar, cabe destacar que el uso de cubrebocas ser\u00e1 obligatorio, as\u00ed como el seguimiento de los protocolos de salud.<\/p>\n\n\n\n<p>Las piezas que se entonar\u00e1n que est\u00e1n incluidas en el EP son canciones tradicionales de la regi\u00f3n como \u201cLa Filomena\u201d, \u201cEl corrido de Torre\u00f3n\u201d de Alberto Gonz\u00e1lez Domene, \u201cMarcha Torre\u00f3n\u201d de Manuel A. Salazar, \u201cA mis hijos\u201d de Juan \u00c1ngel N\u00e1jera Vel\u00e1zquez, \u201cDe Torre\u00f3n a Lerdo\u201d de Pioquinto Gonz\u00e1lez, \u201cTorre\u00f3n de Moda\u201d y por supuesto, el Himno antes mencionado.<\/p>\n\n\n\n<p>Anteriormente, Juan Barrios hab\u00eda comentado que el objetivo de este material consiste en preservar el archivo hist\u00f3rico de la regi\u00f3n, siendo la Banda de M\u00fasica Municipal toda una tradici\u00f3n con m\u00e1s de cien a\u00f1os en La Laguna.<\/p>\n\n\n\n<p>El EP de la Banda Municipal ya se encuentra disponible en las diferentes plataformas digitales, como Youtube, Spotify, Apple Music, Amazon o Deezer, adem\u00e1s se pueden descargar de manera gratuita desde el sitio oficial de la banda:&nbsp;<\/p>\n\n\n\n<p>http:\/\/www.torreon.gob.mx\/bandamunicipal\/<\/p>\n\n\n\n<p>A los asistentes del concierto se les har\u00e1 entrega de un programa de mano, el cual trae un c\u00f3digo QR, que al escanearlo, redirige al sitio de la Banda Municipal, que a su vez incluye los enlaces de las plataformas digitales, as\u00ed como los enlaces de descarga.<\/p>\n","protected":false},"excerpt":{"rendered":"<p>Bajo la direcci\u00f3n del maestro Juan Barrios Ch\u00e1vez, acompa\u00f1ada del Coro INMUS y el Tenor Bernardo Fierros la banda municipal de Torre\u00f3n ofrecer\u00e1 un concierto en el Teatro Nazas, en &hellip; <a href=\"https:\/\/lavereda.com.mx\/index.php\/2021\/10\/06\/la-banda-municipal-de-torreon-presentara-su-ep-en-el-teatro-nazas\/\" class=\"more-link\">Leer m\u00e1s<\/a><\/p>\n","protected":false},"author":1,"featured_media":2436,"comment_status":"open","ping_status":"open","sticky":false,"template":"","format":"standard","meta":{"footnotes":""},"categories":[18,4],"tags":[],"class_list":["post-2435","post","type-post","status-publish","format-standard","has-post-thumbnail","hentry","category-lomasrelevante","category-musica","entry"],"_links":{"self":[{"href":"https:\/\/lavereda.com.mx\/index.php\/wp-json\/wp\/v2\/posts\/2435","targetHints":{"allow":["GET"]}}],"collection":[{"href":"https:\/\/lavereda.com.mx\/index.php\/wp-json\/wp\/v2\/posts"}],"about":[{"href":"https:\/\/lavereda.com.mx\/index.php\/wp-json\/wp\/v2\/types\/post"}],"author":[{"embeddable":true,"href":"https:\/\/lavereda.com.mx\/index.php\/wp-json\/wp\/v2\/users\/1"}],"replies":[{"embeddable":true,"href":"https:\/\/lavereda.com.mx\/index.php\/wp-json\/wp\/v2\/comments?post=2435"}],"version-history":[{"count":1,"href":"https:\/\/lavereda.com.mx\/index.php\/wp-json\/wp\/v2\/posts\/2435\/revisions"}],"predecessor-version":[{"id":2437,"href":"https:\/\/lavereda.com.mx\/index.php\/wp-json\/wp\/v2\/posts\/2435\/revisions\/2437"}],"wp:featuredmedia":[{"embeddable":true,"href":"https:\/\/lavereda.com.mx\/index.php\/wp-json\/wp\/v2\/media\/2436"}],"wp:attachment":[{"href":"https:\/\/lavereda.com.mx\/index.php\/wp-json\/wp\/v2\/media?parent=2435"}],"wp:term":[{"taxonomy":"category","embeddable":true,"href":"https:\/\/lavereda.com.mx\/index.php\/wp-json\/wp\/v2\/categories?post=2435"},{"taxonomy":"post_tag","embeddable":true,"href":"https:\/\/lavereda.com.mx\/index.php\/wp-json\/wp\/v2\/tags?post=2435"}],"curies":[{"name":"wp","href":"https:\/\/api.w.org\/{rel}","templated":true}]}}