{"id":2431,"date":"2021-10-06T14:56:06","date_gmt":"2021-10-06T14:56:06","guid":{"rendered":"http:\/\/lavereda.com.mx\/?p=2431"},"modified":"2021-10-06T14:56:55","modified_gmt":"2021-10-06T14:56:55","slug":"compania-umbrales-presenta-la-obra-mundos-de-mujeres","status":"publish","type":"post","link":"https:\/\/lavereda.com.mx\/index.php\/2021\/10\/06\/compania-umbrales-presenta-la-obra-mundos-de-mujeres\/","title":{"rendered":"Compa\u00f1\u00eda Umbrales presenta la obra \u00abMundos de mujeres\u00bb"},"content":{"rendered":"\n<p>La actividad esc\u00e9nica comienza a reactivarse en toda la Comarca Lagunera y en G\u00f3mez Palacio no es la exepci\u00f3n.<\/p>\n\n\n\n<p>Dos obras cortas conforman el montaje \u201cMundos de Mujeres\u201d, presentado por el grupo de teatro Umbrales y dirigida por Alejandro Alvarado.<\/p>\n\n\n\n<p>La funci\u00f3n se llevar\u00e1 a cabo este viernes 8 de octubre a las 20:00 horas en el marco y regreso del programa \u201cDe Vuelta al Teatro 2021\u201d, organizado por la direcci\u00f3n de Cultura y el Teatro Alberto M. Alvarado.<\/p>\n\n\n\n<p>Con dos textos dis\u00edmiles pero concatenados con la tem\u00e1tica femenina, \u201cMundos de Mujeres\u201d es una obra que llevar\u00e1 al espectador por dos universos totalmente diferentes, pero habitados por mujeres cuyo entorno es opuesto y con un sufrimiento y opresi\u00f3n particulares, dio a conocer el director de este montaje.<\/p>\n\n\n\n<blockquote class=\"wp-block-quote is-layout-flow wp-block-quote-is-layout-flow\"><p>\u00abEstas historias nos develan que no importando el contexto ideol\u00f3gico y cultural, las mujeres cargan con las pesadas vigas del techo social bajo el que nacieron\u00bb.<\/p><\/blockquote>\n\n\n\n<p>Las dos obras son: \u00abMartina Deras\u00bb de  Enrique Hern\u00e1ndez, escritor regional y editor independiente, quien ha publicado m\u00e1s de 3 libros de cuentos y una novela; y \u00abLas Ubarry\u00bb de Oscar Piera.<\/p>\n\n\n\n<p>Act\u00faan Jacky Centeno, Ali D\u00edaz y Mari Caldera. La producci\u00f3n est\u00e1 a cargo de Umbrales.<\/p>\n\n\n\n<p>Alejandro Alvarado invit\u00f3 al p\u00fablico en general para que asistan al teatro, con la seguridad que se respetar\u00e1n los protocolos establecidos de salud.<\/p>\n\n\n\n<p>El costo del boleto es de $100.<\/p>\n","protected":false},"excerpt":{"rendered":"<p>La actividad esc\u00e9nica comienza a reactivarse en toda la Comarca Lagunera y en G\u00f3mez Palacio no es la exepci\u00f3n. Dos obras cortas conforman el montaje \u201cMundos de Mujeres\u201d, presentado por &hellip; <a href=\"https:\/\/lavereda.com.mx\/index.php\/2021\/10\/06\/compania-umbrales-presenta-la-obra-mundos-de-mujeres\/\" class=\"more-link\">Leer m\u00e1s<\/a><\/p>\n","protected":false},"author":9,"featured_media":2432,"comment_status":"open","ping_status":"open","sticky":false,"template":"","format":"standard","meta":{"footnotes":""},"categories":[2,18],"tags":[],"class_list":["post-2431","post","type-post","status-publish","format-standard","has-post-thumbnail","hentry","category-artes-escenicas","category-lomasrelevante","entry"],"_links":{"self":[{"href":"https:\/\/lavereda.com.mx\/index.php\/wp-json\/wp\/v2\/posts\/2431","targetHints":{"allow":["GET"]}}],"collection":[{"href":"https:\/\/lavereda.com.mx\/index.php\/wp-json\/wp\/v2\/posts"}],"about":[{"href":"https:\/\/lavereda.com.mx\/index.php\/wp-json\/wp\/v2\/types\/post"}],"author":[{"embeddable":true,"href":"https:\/\/lavereda.com.mx\/index.php\/wp-json\/wp\/v2\/users\/9"}],"replies":[{"embeddable":true,"href":"https:\/\/lavereda.com.mx\/index.php\/wp-json\/wp\/v2\/comments?post=2431"}],"version-history":[{"count":2,"href":"https:\/\/lavereda.com.mx\/index.php\/wp-json\/wp\/v2\/posts\/2431\/revisions"}],"predecessor-version":[{"id":2434,"href":"https:\/\/lavereda.com.mx\/index.php\/wp-json\/wp\/v2\/posts\/2431\/revisions\/2434"}],"wp:featuredmedia":[{"embeddable":true,"href":"https:\/\/lavereda.com.mx\/index.php\/wp-json\/wp\/v2\/media\/2432"}],"wp:attachment":[{"href":"https:\/\/lavereda.com.mx\/index.php\/wp-json\/wp\/v2\/media?parent=2431"}],"wp:term":[{"taxonomy":"category","embeddable":true,"href":"https:\/\/lavereda.com.mx\/index.php\/wp-json\/wp\/v2\/categories?post=2431"},{"taxonomy":"post_tag","embeddable":true,"href":"https:\/\/lavereda.com.mx\/index.php\/wp-json\/wp\/v2\/tags?post=2431"}],"curies":[{"name":"wp","href":"https:\/\/api.w.org\/{rel}","templated":true}]}}