{"id":2419,"date":"2021-10-05T04:21:57","date_gmt":"2021-10-05T04:21:57","guid":{"rendered":"http:\/\/lavereda.com.mx\/?p=2419"},"modified":"2021-10-05T15:14:01","modified_gmt":"2021-10-05T15:14:01","slug":"oswaldo-hernandez-ganador-del-premio-de-literatura-jose-emilio-pacheco-2021","status":"publish","type":"post","link":"https:\/\/lavereda.com.mx\/index.php\/2021\/10\/05\/oswaldo-hernandez-ganador-del-premio-de-literatura-jose-emilio-pacheco-2021\/","title":{"rendered":"Oswaldo Hern\u00e1ndez, ganador del Premio de Literatura Jos\u00e9 Emilio Pacheco 2021"},"content":{"rendered":"\n<ul class=\"wp-block-list\"><li>Esta edici\u00f3n convoc\u00f3 a 101 trabajos de Alemania, Argentina, Chile, Colombia, Costa Rica, Cuba, Ecuador, Espa\u00f1a, Estados Unidos, Guatemala, M\u00e9xico y Per\u00fa, y estuvo dedicada al cuento.<\/li><\/ul>\n\n\n\n<p>La obra de Oswaldo Hern\u00e1ndez Trujillo&nbsp;\u201c<em>Una ciudad para el fin del mundo\u201d,&nbsp;<\/em>firmada con el seud\u00f3nimo&nbsp;<em>LEMARC<\/em>, obtuvo el sexto Premio de Literatura Ciudad y Naturaleza.<\/p>\n\n\n\n<p>La entrega del premio se realizar\u00e1 el s\u00e1bado 4 de diciembre pr\u00f3ximo en el sal\u00f3n M\u00e9xico I del hotel Hilton, durante la celebraci\u00f3n de la edici\u00f3n 35 de la Feria Internacional del Libro de Guadalajara, que se efectuar\u00e1 del 27 de noviembre al 5 de diciembre en Expo Guadalajara, as\u00ed como por\u00a0<a rel=\"noreferrer noopener\" href=\"https:\/\/www.facebook.com\/filgdl\" target=\"_blank\">Facebook<\/a>,\u00a0<a rel=\"noreferrer noopener\" href=\"https:\/\/www.youtube.com\/user\/FILGuadalajara\" target=\"_blank\">YouTube<\/a>\u00a0y la\u00a0<a rel=\"noreferrer noopener\" href=\"https:\/\/fil.com.mx\/default.asp\" target=\"_blank\">p\u00e1gina de la Feria<\/a>.<\/p>\n\n\n\n<p>En&nbsp;<em>Una ciudad para el fin del mundo<\/em>, el autor \u201chace una reflexi\u00f3n contempor\u00e1nea y muy pertinente sobre la ciudad y el papel de la naturaleza en ella\u201d, indica el acta firmada por los jurados, que de manera un\u00e1nime otorgaron el Premio al tambi\u00e9n traductor, editor y profesor universitario. Tambi\u00e9n se destaca \u201cla calidad narrativa de su prosa, que resulta en un volumen bien conjuntado\u201d as\u00ed como \u201cla singularidad de su visi\u00f3n en la que el entorno natural acompa\u00f1a las acciones y las emociones de los personajes\u201d.<\/p>\n\n\n\n<p>Dotado con diez mil d\u00f3lares estadounidenses y la publicaci\u00f3n del libro ganador, el Premio de Literatura Ciudad y Naturaleza Jos\u00e9 Emilio Pacheco, que naci\u00f3 en memoria del escritor mexicano como un espacio para incentivar la creaci\u00f3n literaria y la apreciaci\u00f3n est\u00e9tica de la naturaleza, es convocado por la Universidad de Guadalajara, mediante el Museo de Ciencias Ambientales del Centro Cultural Universitario, en colaboraci\u00f3n con la FIL Guadalajara.<\/p>\n\n\n\n<div class=\"wp-block-image\"><figure class=\"aligncenter size-large is-resized\"><img fetchpriority=\"high\" decoding=\"async\" src=\"https:\/\/lavereda.com.mx\/wp-content\/uploads\/2021\/10\/51550688715_314e234e3b_o-629x1024.jpg\" alt=\"\" class=\"wp-image-2421\" width=\"239\" height=\"388\" srcset=\"https:\/\/lavereda.com.mx\/wp-content\/uploads\/2021\/10\/51550688715_314e234e3b_o-629x1024.jpg 629w, https:\/\/lavereda.com.mx\/wp-content\/uploads\/2021\/10\/51550688715_314e234e3b_o-184x300.jpg 184w, https:\/\/lavereda.com.mx\/wp-content\/uploads\/2021\/10\/51550688715_314e234e3b_o-768x1251.jpg 768w, https:\/\/lavereda.com.mx\/wp-content\/uploads\/2021\/10\/51550688715_314e234e3b_o-943x1536.jpg 943w, https:\/\/lavereda.com.mx\/wp-content\/uploads\/2021\/10\/51550688715_314e234e3b_o.jpg 1024w\" sizes=\"(max-width: 239px) 100vw, 239px\" \/><\/figure><\/div>\n\n\n\n<p>Oswaldo Hern\u00e1ndez Trujillo es traductor, editor y profesor universitario. Naci\u00f3 en 1981 y creci\u00f3 en el Estado de M\u00e9xico. Estudi\u00f3 letras cl\u00e1sicas en la Universidad Nacional Aut\u00f3noma de M\u00e9xico (UNAM), donde tambi\u00e9n curs\u00f3 la maestr\u00eda en ling\u00fc\u00edstica aplicada. Trabaj\u00f3 en el&nbsp;<em>Diccionario del Espa\u00f1ol de M\u00e9xico<\/em>&nbsp;de El Colegio de M\u00e9xico, y como editor en el Museo Nacional de Arte y el Museo del Palacio de Bellas Artes. Ha escrito poes\u00eda, cr\u00f3nica y cr\u00edtica para revistas como&nbsp;<em>Tierra Adentro<\/em>,&nbsp;<em>Kil\u00f3metro Cero<\/em>&nbsp;y el&nbsp;<em>Peri\u00f3dico de Poes\u00eda<\/em>&nbsp;de la UNAM. Es autor del volumen de cuentos&nbsp;<em>Ustedes no existen<\/em>, con el que obtuvo el Premio de Literatura Laura M\u00e9ndez de Cuenca (2019).<\/p>\n","protected":false},"excerpt":{"rendered":"<p>Esta edici\u00f3n convoc\u00f3 a 101 trabajos de Alemania, Argentina, Chile, Colombia, Costa Rica, Cuba, Ecuador, Espa\u00f1a, Estados Unidos, Guatemala, M\u00e9xico y Per\u00fa, y estuvo dedicada al cuento. La obra de &hellip; <a href=\"https:\/\/lavereda.com.mx\/index.php\/2021\/10\/05\/oswaldo-hernandez-ganador-del-premio-de-literatura-jose-emilio-pacheco-2021\/\" class=\"more-link\">Leer m\u00e1s<\/a><\/p>\n","protected":false},"author":1,"featured_media":2420,"comment_status":"open","ping_status":"open","sticky":false,"template":"","format":"standard","meta":{"footnotes":""},"categories":[5,18],"tags":[],"class_list":["post-2419","post","type-post","status-publish","format-standard","has-post-thumbnail","hentry","category-letras-y-libros","category-lomasrelevante","entry"],"_links":{"self":[{"href":"https:\/\/lavereda.com.mx\/index.php\/wp-json\/wp\/v2\/posts\/2419","targetHints":{"allow":["GET"]}}],"collection":[{"href":"https:\/\/lavereda.com.mx\/index.php\/wp-json\/wp\/v2\/posts"}],"about":[{"href":"https:\/\/lavereda.com.mx\/index.php\/wp-json\/wp\/v2\/types\/post"}],"author":[{"embeddable":true,"href":"https:\/\/lavereda.com.mx\/index.php\/wp-json\/wp\/v2\/users\/1"}],"replies":[{"embeddable":true,"href":"https:\/\/lavereda.com.mx\/index.php\/wp-json\/wp\/v2\/comments?post=2419"}],"version-history":[{"count":3,"href":"https:\/\/lavereda.com.mx\/index.php\/wp-json\/wp\/v2\/posts\/2419\/revisions"}],"predecessor-version":[{"id":2430,"href":"https:\/\/lavereda.com.mx\/index.php\/wp-json\/wp\/v2\/posts\/2419\/revisions\/2430"}],"wp:featuredmedia":[{"embeddable":true,"href":"https:\/\/lavereda.com.mx\/index.php\/wp-json\/wp\/v2\/media\/2420"}],"wp:attachment":[{"href":"https:\/\/lavereda.com.mx\/index.php\/wp-json\/wp\/v2\/media?parent=2419"}],"wp:term":[{"taxonomy":"category","embeddable":true,"href":"https:\/\/lavereda.com.mx\/index.php\/wp-json\/wp\/v2\/categories?post=2419"},{"taxonomy":"post_tag","embeddable":true,"href":"https:\/\/lavereda.com.mx\/index.php\/wp-json\/wp\/v2\/tags?post=2419"}],"curies":[{"name":"wp","href":"https:\/\/api.w.org\/{rel}","templated":true}]}}