{"id":241,"date":"2020-08-15T05:30:35","date_gmt":"2020-08-15T05:30:35","guid":{"rendered":"https:\/\/web.lavereda.com.mx\/?p=241"},"modified":"2020-08-16T03:39:06","modified_gmt":"2020-08-16T03:39:06","slug":"cuidado-con-lo-que-deseas-llega-con-todo-el-suspenso-al-cine","status":"publish","type":"post","link":"https:\/\/lavereda.com.mx\/index.php\/2020\/08\/15\/cuidado-con-lo-que-deseas-llega-con-todo-el-suspenso-al-cine\/","title":{"rendered":"Cuidado con lo que deseas: llega con todo el suspenso al cine"},"content":{"rendered":"\n<p>Agust\u00edn \u201cOso\u201d Tapia, (e<em>l director desconocido m\u00e1s famoso de M\u00e9xico<\/em>) seg\u00fan se lee en su biograf\u00eda, ha tra\u00eddo una pel\u00edcula de suspenso a la pantalla de grande, en el tiempo de mayor suspenso en el pa\u00eds: la apertura de los cines en medio de la pandemia.<\/p>\n\n\n\n<p>El cineasta, originario de Torre\u00f3n y con una carrera que ha pasado tambi\u00e9n por la literatura y la dramaturgia, estrena a nivel nacional el 21 de agosto su segundo largometraje: \u201cCuidado con lo que deseas\u201d, en Cin\u00e9polis.<\/p>\n\n\n\n<hr class=\"wp-block-separator\" id=\"system-readmore\"\/>\n\n\n\n<p>En entrevista para La Vereda, habl\u00f3 de los detalles de la pel\u00edcula, que cuenta con las actuaciones de Fernanda Castillo, Juan R\u00edos, Valery Sais, Iv\u00e1n Arana; y est\u00e1 inscrita en el g\u00e9nero de terror.<\/p>\n\n\n\n<p>La sinopsis nos cuenta que Pamela va a cumplir ocho a\u00f1os. Adora los cuentos de hadas y las viejas pel\u00edculas de terror. Sus padres la llevan a celebrar su cumplea\u00f1os y su t\u00edo Esteban le da como regalo un buf\u00f3n llamado \u201cHellequin\u201d quien le permitir\u00e1 ver el espect\u00e1culo de c\u00f3mo se comportan los adultos cuando creen que nadie los ve. Una escalofriante y terror\u00edfica red de suspenso, traici\u00f3n y crimen se ir\u00e1 tejiendo ante sus ojos.<\/p>\n\n\n\n<p><strong><em>\u00bfPrimero estudiaste filosof\u00eda y letras, qu\u00e9 te llev\u00f3 al cine?<\/em><\/strong><\/p>\n\n\n\n<p>Mis padres, que en paz descansen eran actores profesionales de teatro, desde ni\u00f1o ve\u00eda muchas obras de teatro, ve\u00eda a mis padres y sus compa\u00f1eros ensayando, siempre me gust\u00f3 mucho la ficci\u00f3n, la dramaturgia, los personajes, las historias.<\/p>\n\n\n\n<p>Crec\u00ed viendo mucho cine, tv,&nbsp;&nbsp;a la vuelta de mi casa hab\u00eda un cine que desapareci\u00f3 hace muchos a\u00f1os, iba al cine despu\u00e9s de hacer la tarea. Me gustaba todo lo que tuviera que ver con lo fant\u00e1stico y con la imaginaci\u00f3n.<\/p>\n\n\n\n<p><strong><em>\u00bfQu\u00e9 tanta aceptaci\u00f3n tiene el cine de terror en M\u00e9xico?<\/em><\/strong><\/p>\n\n\n\n<p>La pel\u00edcula es una mezcla de g\u00e9neros, se est\u00e1 promocionando de terror, pero tiene muchos elementos de fantas\u00eda, de suspenso, de thriller, quer\u00eda mas bien algo como un obscuro cuento de hadas, tiene elementos tambi\u00e9n de crimen.&nbsp;<\/p>\n\n\n\n<p>Este g\u00e9nero siempre ha tenido mucho \u00e9xito y mucha demanda en nuestro pa\u00eds.<\/p>\n\n\n\n<p><strong><em>\u00bfAlgunas de tus influencias en este g\u00e9nero?<\/em><\/strong><\/p>\n\n\n\n<p>Est\u00e1n desde los cl\u00e1sicos Hitchcock, con \u201cPsicosis\u201d. Pel\u00edculas como \u201cMasacre en Texas\u201d, \u201cEl Resplandor\u201d, o \u201cEl Exorcista\u201d.&nbsp;&nbsp;M\u00e1s actuales, como el cine coreano \u201cLa trilog\u00eda de la venganza\u201d. Otras pel\u00edculas como \u201cLa Bruja\u201d, que se estren\u00f3 hace dos a\u00f1os. Por supuesto de Guillermo del Toro \u201cEl Laberinto del Fauno\u201d y \u201cEl espinazo de diablo\u201d.<\/p>\n\n\n\n<p><strong><em>\u00bfCu\u00e1ndo fue filmada la pel\u00edcula&nbsp;<\/em>Cuidado con lo que deseas<em>&nbsp;&nbsp;?<\/em><\/strong><\/p>\n\n\n\n<p>Esta pel\u00edcula cont\u00f3 con el apoyo de Eficine (Estimulo Fiscal al Cine), que aporta dinero para que se produzca con el apoyo de Inbursa, se rod\u00f3 en el oto\u00f1o de 2018, durante siete semanas de filmaci\u00f3n en lugares como Valle de Bravo y Los Bosques del Ajusco.<\/p>\n\n\n\n<figure class=\"wp-block-image size-large\"><img fetchpriority=\"high\" decoding=\"async\" width=\"223\" height=\"319\" src=\"https:\/\/web.lavereda.com.mx\/wp-content\/uploads\/2020\/08\/HELLEQUIN_FINAL_72.jpg\" alt=\"\" class=\"wp-image-242\" srcset=\"https:\/\/lavereda.com.mx\/wp-content\/uploads\/2020\/08\/HELLEQUIN_FINAL_72.jpg 223w, https:\/\/lavereda.com.mx\/wp-content\/uploads\/2020\/08\/HELLEQUIN_FINAL_72-210x300.jpg 210w\" sizes=\"(max-width: 223px) 100vw, 223px\" \/><\/figure>\n\n\n\n<p><strong><em>\u00bfQu\u00e9 significa estrenar en tiempos de pandemia?<\/em><\/strong><\/p>\n\n\n\n<p>Es toda una experiencia rar\u00edsima, por un lado no te voy a negar, siento un poco de inquietud, de suspenso, no s\u00e9 que tanto vaya a reaccionar la gente. En algunas ciudades apenas van abrir las salas, estaremos estrenando dos fines de semana despu\u00e9s. Es como una moneda en el aire, un volado. Existe la idea de que la gente tiene ganas de volver al cine, y la idea de que no est\u00e1n del todo convencidos de salir todav\u00eda. Quiero pensar de que s\u00ed va a haber p\u00fablico, pero solo con 30 por ciento de aforo. Son condiciones muy dif\u00edciles de estrenar, pero es la \u00e9poca que nos toc\u00f3. Justo por eso mismo la gente quiz\u00e1s quiera asistir, al no haber tantas opciones,<\/p>\n\n\n\n<p><strong><em>\u00bfEn qu\u00e9 otros foros se podr\u00e1 disfrutar de la pel\u00edcula?<\/em><\/strong><\/p>\n\n\n\n<p>De momento estamos seleccionados en el festival m\u00e1s importante del g\u00e9nero de terror y fant\u00e1stico. El Festival de Sitges, en Catalu\u00f1a, Espa\u00f1a. Va a estar en una plataforma digital muy conocida. Y en festivales de M\u00e9xico, de Europa y Estados Unidos.<\/p>\n\n\n\n<p>Finalmente, destac\u00f3:<\/p>\n\n\n\n<blockquote class=\"wp-block-quote is-layout-flow wp-block-quote-is-layout-flow\"><p>\u201cInvito a todos mis paisanos para que se animen y vayan a verla, es un estreno nacional. Les garantizo que van a pasar muy buen rato, tiene muchos elementos interesantes: fant\u00e1stico, suspenso y de drama. El trailer tiene 13 millones de visitas\u2026<\/p><p>Ni siquiera se imaginan c\u00f3mo es el final\u201d.<\/p><\/blockquote>\n\n\n\n<p><\/p>\n","protected":false},"excerpt":{"rendered":"<p>Agust\u00edn \u201cOso\u201d Tapia, (el director desconocido m\u00e1s famoso de M\u00e9xico) seg\u00fan se lee en su biograf\u00eda, ha tra\u00eddo una pel\u00edcula de suspenso a la pantalla de grande, en el tiempo de mayor suspenso en el pa\u00eds: la apertura de los cines en medio de la pandemia.<\/p>\n","protected":false},"author":9,"featured_media":243,"comment_status":"open","ping_status":"open","sticky":false,"template":"","format":"standard","meta":{"footnotes":""},"categories":[6],"tags":[],"class_list":["post-241","post","type-post","status-publish","format-standard","has-post-thumbnail","hentry","category-cinetv","entry"],"_links":{"self":[{"href":"https:\/\/lavereda.com.mx\/index.php\/wp-json\/wp\/v2\/posts\/241","targetHints":{"allow":["GET"]}}],"collection":[{"href":"https:\/\/lavereda.com.mx\/index.php\/wp-json\/wp\/v2\/posts"}],"about":[{"href":"https:\/\/lavereda.com.mx\/index.php\/wp-json\/wp\/v2\/types\/post"}],"author":[{"embeddable":true,"href":"https:\/\/lavereda.com.mx\/index.php\/wp-json\/wp\/v2\/users\/9"}],"replies":[{"embeddable":true,"href":"https:\/\/lavereda.com.mx\/index.php\/wp-json\/wp\/v2\/comments?post=241"}],"version-history":[{"count":1,"href":"https:\/\/lavereda.com.mx\/index.php\/wp-json\/wp\/v2\/posts\/241\/revisions"}],"predecessor-version":[{"id":244,"href":"https:\/\/lavereda.com.mx\/index.php\/wp-json\/wp\/v2\/posts\/241\/revisions\/244"}],"wp:featuredmedia":[{"embeddable":true,"href":"https:\/\/lavereda.com.mx\/index.php\/wp-json\/wp\/v2\/media\/243"}],"wp:attachment":[{"href":"https:\/\/lavereda.com.mx\/index.php\/wp-json\/wp\/v2\/media?parent=241"}],"wp:term":[{"taxonomy":"category","embeddable":true,"href":"https:\/\/lavereda.com.mx\/index.php\/wp-json\/wp\/v2\/categories?post=241"},{"taxonomy":"post_tag","embeddable":true,"href":"https:\/\/lavereda.com.mx\/index.php\/wp-json\/wp\/v2\/tags?post=241"}],"curies":[{"name":"wp","href":"https:\/\/api.w.org\/{rel}","templated":true}]}}