{"id":2405,"date":"2021-10-04T22:00:08","date_gmt":"2021-10-04T22:00:08","guid":{"rendered":"http:\/\/lavereda.com.mx\/?p=2405"},"modified":"2021-10-05T04:30:31","modified_gmt":"2021-10-05T04:30:31","slug":"ofrece-concierto-de-metales-trc-brass-en-canal-de-la-perla","status":"publish","type":"post","link":"https:\/\/lavereda.com.mx\/index.php\/2021\/10\/04\/ofrece-concierto-de-metales-trc-brass-en-canal-de-la-perla\/","title":{"rendered":"TRC Brass ofrece Concierto de Metales  en Canal de la perla"},"content":{"rendered":"\n<p>Contin\u00faan las actividades en el Canal de la Perla, esta vez la m\u00fasica se hizo presente en este recinto hist\u00f3rico con la participaci\u00f3n de TRC Brass, una agrupaci\u00f3n de instrumentos de viento que deleitan los o\u00eddos con cada pieza que entonan.<\/p>\n\n\n\n<p>El quinteto TRC Brass, se encuentra bajo la direcci\u00f3n del maestro Carlos Espinosa.<\/p>\n\n\n\n<p>TRC Brass es un Quinteto de Metales que nace en la Ciudad de Torre\u00f3n, Coahuila. Creado por el maestro Carlos Espinosa tambi\u00e9n integrante y Director, se conforma de 2 Trompetas, Corno Franc\u00e9s, Tromb\u00f3n y Tuba.<\/p>\n\n\n\n<p>En la Trompeta se encuentran Carlos Espinosa y Carlos Anand Espinosa, en el Corno Franc\u00e9s Uriel Ortiz, en el Tromb\u00f3n Daniel Ramos y en la Tuba Heriberto Cabrales<\/p>\n\n\n\n<p><strong>Un poco de historia sobre el Canal de la Perla<\/strong><\/p>\n\n\n\n<p>El Canal de \u201cLa Perla\u201d fue un tajo a cielo abierto, que derivaba del canal del Coyote, y que se hizo para regar las tierras de la Hacienda de La Perla, por lo que su trazo pasaba por lo que m\u00e1s adelante ser\u00eda el centro de la ciudad de Torre\u00f3n. Al ir creciendo la ciudad, este canal se fue delimitando por dos muros y poni\u00e9ndole una b\u00f3veda elaborada con tres hileras de ladrillo, para poder construir encima de \u00e9l.<\/p>\n\n\n\n<div class=\"wp-block-image\"><figure class=\"aligncenter size-large is-resized\"><img fetchpriority=\"high\" decoding=\"async\" src=\"https:\/\/lavereda.com.mx\/wp-content\/uploads\/2021\/10\/canal-de-la-perla-torreon-1200-1024x410.jpg\" alt=\"\" class=\"wp-image-2406\" width=\"438\" height=\"174\"\/><figcaption>Canal de la perla<\/figcaption><\/figure><\/div>\n\n\n\n<p>En un principio por este canal corr\u00eda agua del r\u00edo Nazas, despu\u00e9s se utiliz\u00f3 para recoger el agua de lluvia y su \u00faltimo uso fue para las descargas de aguas negras, por todo esto, este canal se fue azolvando poco a poco hasta quedar cubierto de tierra casi en su totalidad, perdi\u00e9ndose la memoria de su existencia.<\/p>\n\n\n\n<div class=\"wp-block-image\"><figure class=\"aligncenter size-large is-resized\"><img decoding=\"async\" src=\"https:\/\/lavereda.com.mx\/wp-content\/uploads\/2021\/10\/WhatsApp-Image-2021-10-04-at-21.56.27-1-e1633408121800.jpeg\" alt=\"\" class=\"wp-image-2425\" width=\"321\" height=\"241\"\/><figcaption>TRC Brass<\/figcaption><\/figure><\/div>\n\n\n\n<p>En cuanto al concierto, se hizo la invitaci\u00f3n para asistir este pasado 01 de Octubre en punto de las siete de la tarde, y se cont\u00f3 con aforo limitado de 30 personas, se tomaron todas las medidas sanitarias correspondientes, y se tuvo un tiempo de calidad y buena m\u00fasica.<\/p>\n\n\n\n<p>Esperemos m\u00e1s presentaciones musicales en este lugar que ya es representativo de Torre\u00f3n, y as\u00ed seguir fomentando la cultura.<\/p>\n\n\n\n<p style=\"font-size:8px\">Fuente: Facebook\/CanalDeLaPerlaTRC y Direccion General de Cultura<\/p>\n","protected":false},"excerpt":{"rendered":"<p>Contin\u00faan las actividades en el Canal de la Perla, esta vez la m\u00fasica se hizo presente en este recinto hist\u00f3rico con la participaci\u00f3n de TRC Brass, una agrupaci\u00f3n de instrumentos &hellip; <a href=\"https:\/\/lavereda.com.mx\/index.php\/2021\/10\/04\/ofrece-concierto-de-metales-trc-brass-en-canal-de-la-perla\/\" class=\"more-link\">Leer m\u00e1s<\/a><\/p>\n","protected":false},"author":14,"featured_media":2426,"comment_status":"open","ping_status":"open","sticky":false,"template":"","format":"standard","meta":{"footnotes":""},"categories":[18,4],"tags":[],"class_list":["post-2405","post","type-post","status-publish","format-standard","has-post-thumbnail","hentry","category-lomasrelevante","category-musica","entry"],"_links":{"self":[{"href":"https:\/\/lavereda.com.mx\/index.php\/wp-json\/wp\/v2\/posts\/2405","targetHints":{"allow":["GET"]}}],"collection":[{"href":"https:\/\/lavereda.com.mx\/index.php\/wp-json\/wp\/v2\/posts"}],"about":[{"href":"https:\/\/lavereda.com.mx\/index.php\/wp-json\/wp\/v2\/types\/post"}],"author":[{"embeddable":true,"href":"https:\/\/lavereda.com.mx\/index.php\/wp-json\/wp\/v2\/users\/14"}],"replies":[{"embeddable":true,"href":"https:\/\/lavereda.com.mx\/index.php\/wp-json\/wp\/v2\/comments?post=2405"}],"version-history":[{"count":4,"href":"https:\/\/lavereda.com.mx\/index.php\/wp-json\/wp\/v2\/posts\/2405\/revisions"}],"predecessor-version":[{"id":2427,"href":"https:\/\/lavereda.com.mx\/index.php\/wp-json\/wp\/v2\/posts\/2405\/revisions\/2427"}],"wp:featuredmedia":[{"embeddable":true,"href":"https:\/\/lavereda.com.mx\/index.php\/wp-json\/wp\/v2\/media\/2426"}],"wp:attachment":[{"href":"https:\/\/lavereda.com.mx\/index.php\/wp-json\/wp\/v2\/media?parent=2405"}],"wp:term":[{"taxonomy":"category","embeddable":true,"href":"https:\/\/lavereda.com.mx\/index.php\/wp-json\/wp\/v2\/categories?post=2405"},{"taxonomy":"post_tag","embeddable":true,"href":"https:\/\/lavereda.com.mx\/index.php\/wp-json\/wp\/v2\/tags?post=2405"}],"curies":[{"name":"wp","href":"https:\/\/api.w.org\/{rel}","templated":true}]}}