{"id":2390,"date":"2021-09-30T17:45:20","date_gmt":"2021-09-30T17:45:20","guid":{"rendered":"http:\/\/lavereda.com.mx\/?p=2390"},"modified":"2021-09-30T17:45:22","modified_gmt":"2021-09-30T17:45:22","slug":"organizan-primer-festival-de-jazz-en-el-teatro-isauro-martinez","status":"publish","type":"post","link":"https:\/\/lavereda.com.mx\/index.php\/2021\/09\/30\/organizan-primer-festival-de-jazz-en-el-teatro-isauro-martinez\/","title":{"rendered":"Organizan primer festival de jazz en el Teatro Isauro Mart\u00ednez"},"content":{"rendered":"\n<p>Artistas locales en conjunto con el Teatro Isauro Mart\u00ednez (TIM) han organizado el Primer Festival de jazz que se realizar\u00e1 en el mes de octubre en el escenario de este recinto, inform\u00f3 el director de la Big Band Jazz Coahuila Edgar Flores.<\/p>\n\n\n\n<p>\u201cSe abre el escenario de este hist\u00f3rico y bello recinto a los artistas laguneros, algunos viviendo de manera permanente y otros de manera temporal en la regi\u00f3n, para reunirse y brindar lo mejor de la m\u00fasica al p\u00fablico lagunero, en plena libertad creativa\u201d.<\/p>\n\n\n\n<blockquote class=\"wp-block-quote is-layout-flow wp-block-quote-is-layout-flow\"><p>\u201cEl festival surge para brindar nuevas alternativas de entretenimiento auditivo y visual para nuestra sociedad, con una oferta musical apta para todos los p\u00fablicos, sin dejar de lado lo inesperado, la energ\u00eda y el dinamismo propios del Jazz\u201d, dijo el joven m\u00fasico.\u00a0<\/p><\/blockquote>\n\n\n\n<p>El tel\u00f3n se abrir\u00e1 este pr\u00f3ximo jueves 21 de octubre a las 20:30 horas, con la presentaci\u00f3n del Colectivo de Improvisaci\u00f3n: Jazz en La Laguna, dirigido por Omar Padilla. Interpretar\u00e1n composiciones de hist\u00f3ricos del jazz como Duke Ellington, Herbie Hancock, John Coltrane, Bobby Timmons, entre otros. Es un concierto que contar\u00e1 con piezas instrumentales y vocales, con especial atracci\u00f3n para los amantes del Jazz cl\u00e1sico.&nbsp;<\/p>\n\n\n\n<p>El siguiente jueves, 28 de octubre, The Jazz Collective har\u00e1 una presentaci\u00f3n vanguardista, mezclando sobre el escenario jazz con otros g\u00e9neros como el Pop, Trap, Funk, R&amp;B, Soul, entre otros. El repertorio de este concierto ofrecer\u00e1 una mezcla entre versiones diferentes de canciones ya conocidas a nivel mundial, mostr\u00e1ndonos que el jazz se encuentra en todas partes y la presentaci\u00f3n de composiciones originales por parte de Shalom Gallegos y V\u00edctor Cruz.&nbsp;<\/p>\n\n\n\n<p>En el escenario, estar\u00e1n como base y metales Juan Barrios, Shalom y Josafat Gallegos, Daniel Franco, V\u00edctor Cruz y Jacob Espino. Adem\u00e1s, contar\u00e1n con las participaciones especiales de artistas de la escena indie local y nacional como el Universo Inverso de Pablo Schmal (productor, compositor y artista lagunero)&nbsp;&nbsp;Mar\u00eda Fernanda (lagunera pr\u00f3xima a sacar su primer EP), y participaciones especiales de m\u00fasicos laguneros de fama internacional como Graziatto.&nbsp;<\/p>\n\n\n\n<p>Y para terminar a lo grande esta primera edici\u00f3n del festival, el Teatro Isauro Mart\u00ednez, trae de vuelta a los escenarios con p\u00fablico a Big Band Jazz coahuila, bajo la direcci\u00f3n de Edgar Flores. Con 18 m\u00fasicos top de la regi\u00f3n, este concierto promete hacer vibrar a todas las generaciones. Se presentar\u00e1n temas de Sinatra, Bubl\u00e9, Glenn Miller, y m\u00e1s canciones que forman parte de la vida de todas las personas. En esta ocasi\u00f3n, la Big Band Jazz Coahuila, contar\u00e1 con la participaci\u00f3n de Alex Serh\u00e1n, cantautor e int\u00e9rprete lagunero reconocido con la beca Mar\u00eda Grever, y con reconocimiento a nivel nacional en la escena del Jazz.&nbsp;<\/p>\n\n\n\n<p>La venta de boletos se realizar\u00e1 principalmente en las taquillas del Teatro Isauro Mart\u00ednez. Los costos y otros puntos de venta de los mismos, ser\u00e1n comunicados en los pr\u00f3ximos d\u00edas a trav\u00e9s de la p\u00e1gina\u00a0de la instituci\u00f3n.<\/p>\n","protected":false},"excerpt":{"rendered":"<p>Artistas locales en conjunto con el Teatro Isauro Mart\u00ednez (TIM) han organizado el Primer Festival de jazz que se realizar\u00e1 en el mes de octubre en el escenario de este &hellip; <a href=\"https:\/\/lavereda.com.mx\/index.php\/2021\/09\/30\/organizan-primer-festival-de-jazz-en-el-teatro-isauro-martinez\/\" class=\"more-link\">Leer m\u00e1s<\/a><\/p>\n","protected":false},"author":9,"featured_media":2391,"comment_status":"open","ping_status":"open","sticky":false,"template":"","format":"standard","meta":{"footnotes":""},"categories":[18,4],"tags":[],"class_list":["post-2390","post","type-post","status-publish","format-standard","has-post-thumbnail","hentry","category-lomasrelevante","category-musica","entry"],"_links":{"self":[{"href":"https:\/\/lavereda.com.mx\/index.php\/wp-json\/wp\/v2\/posts\/2390","targetHints":{"allow":["GET"]}}],"collection":[{"href":"https:\/\/lavereda.com.mx\/index.php\/wp-json\/wp\/v2\/posts"}],"about":[{"href":"https:\/\/lavereda.com.mx\/index.php\/wp-json\/wp\/v2\/types\/post"}],"author":[{"embeddable":true,"href":"https:\/\/lavereda.com.mx\/index.php\/wp-json\/wp\/v2\/users\/9"}],"replies":[{"embeddable":true,"href":"https:\/\/lavereda.com.mx\/index.php\/wp-json\/wp\/v2\/comments?post=2390"}],"version-history":[{"count":1,"href":"https:\/\/lavereda.com.mx\/index.php\/wp-json\/wp\/v2\/posts\/2390\/revisions"}],"predecessor-version":[{"id":2392,"href":"https:\/\/lavereda.com.mx\/index.php\/wp-json\/wp\/v2\/posts\/2390\/revisions\/2392"}],"wp:featuredmedia":[{"embeddable":true,"href":"https:\/\/lavereda.com.mx\/index.php\/wp-json\/wp\/v2\/media\/2391"}],"wp:attachment":[{"href":"https:\/\/lavereda.com.mx\/index.php\/wp-json\/wp\/v2\/media?parent=2390"}],"wp:term":[{"taxonomy":"category","embeddable":true,"href":"https:\/\/lavereda.com.mx\/index.php\/wp-json\/wp\/v2\/categories?post=2390"},{"taxonomy":"post_tag","embeddable":true,"href":"https:\/\/lavereda.com.mx\/index.php\/wp-json\/wp\/v2\/tags?post=2390"}],"curies":[{"name":"wp","href":"https:\/\/api.w.org\/{rel}","templated":true}]}}