{"id":2385,"date":"2021-09-30T15:53:36","date_gmt":"2021-09-30T15:53:36","guid":{"rendered":"http:\/\/lavereda.com.mx\/?p=2385"},"modified":"2021-09-30T15:54:11","modified_gmt":"2021-09-30T15:54:11","slug":"la-exposicion-de-arte-que-muestra-el-peligro-de-ser-periodista-en-mexico","status":"publish","type":"post","link":"https:\/\/lavereda.com.mx\/index.php\/2021\/09\/30\/la-exposicion-de-arte-que-muestra-el-peligro-de-ser-periodista-en-mexico\/","title":{"rendered":"La exposici\u00f3n de arte que muestra el peligro de ser periodista en M\u00e9xico"},"content":{"rendered":"\n<p>En M\u00e9xico, ejercer el periodismo se ha vuelto una actividad peligrosa. La censura y la persecuci\u00f3n que se sufre en el pa\u00eds por el simple hecho de querer informar es claramente visible y casi podr\u00eda ser vista en otros pa\u00edses como una clara crisis en derechos humanos. Las cifras lo dicen todo, la organizaci\u00f3n Articulo 19 tiene contabilizado al menos un ataque a la prensa cada 13 horas. Las agresiones a periodistas en nuestro pa\u00eds no han pasado desapercibidas por la sociedad, aunque parece que s\u00ed por las autoridades, ya que el 98% de estas agresiones quedan en impunidad.&nbsp;<\/p>\n\n\n\n<p>Ante el rechazo por reconocer la crisis que se vive en nuestro pa\u00eds frente a este tema,&nbsp;&nbsp;Pablo de Laborde Lascaris cre\u00f3 la exposici\u00f3n \u201cDe Barro y de silencio\u201d, que retrata la censura a la que se enfrentan las personas que ejercen el periodismo en nuestro pa\u00eds. Mediante un antimonumento, Lascaris conmemora a las y los periodistas que han perdido su vida por entregarse a los medios de comunicaci\u00f3n y al periodismo.&nbsp;<\/p>\n\n\n\n<p>El simbolismo de esta exposici\u00f3n busca entregar una met\u00e1fora frente al tema, al mirar las 265 campanas de cer\u00e1mica expuestas, podemos darnos una idea de que representan a alguna persona que a sido censurada o asesinada por comunicar en nuestro pa\u00eds, un lugar en donde la corrupci\u00f3n rebasa la justicia y la violencia en contra de los y las periodistas se hace cada d\u00eda mas visible.<\/p>\n\n\n\n<p>La exposici\u00f3n estuvo abierta en Casa Wabi, ubicada en Puerto Escondido, Oaxaca, y estuvo disponible hasta el 20 de Septiembre del 2021. Cont\u00f3 con la entrada libre para la gente que quisiera ir a visitarla, pero t\u00fa tambi\u00e9n puedes echarle un vistazo entrando a la pagina de Casa Wabi y buscando \u201cExposici\u00f3n De Barro y silencio\u201d.<\/p>\n\n\n\n<p>FUENTE:&nbsp;<\/p>\n\n\n\n<p><a href=\"https:\/\/casawabi.org\/de-barro-y-de-silencio\">https:\/\/casawabi.org\/de-barro-y-de-silencio<\/a><\/p>\n","protected":false},"excerpt":{"rendered":"<p>En M\u00e9xico, ejercer el periodismo se ha vuelto una actividad peligrosa. La censura y la persecuci\u00f3n que se sufre en el pa\u00eds por el simple hecho de querer informar es &hellip; <a href=\"https:\/\/lavereda.com.mx\/index.php\/2021\/09\/30\/la-exposicion-de-arte-que-muestra-el-peligro-de-ser-periodista-en-mexico\/\" class=\"more-link\">Leer m\u00e1s<\/a><\/p>\n","protected":false},"author":9,"featured_media":2386,"comment_status":"open","ping_status":"open","sticky":false,"template":"","format":"standard","meta":{"footnotes":""},"categories":[3,18],"tags":[],"class_list":["post-2385","post","type-post","status-publish","format-standard","has-post-thumbnail","hentry","category-artes-visuales","category-lomasrelevante","entry"],"_links":{"self":[{"href":"https:\/\/lavereda.com.mx\/index.php\/wp-json\/wp\/v2\/posts\/2385","targetHints":{"allow":["GET"]}}],"collection":[{"href":"https:\/\/lavereda.com.mx\/index.php\/wp-json\/wp\/v2\/posts"}],"about":[{"href":"https:\/\/lavereda.com.mx\/index.php\/wp-json\/wp\/v2\/types\/post"}],"author":[{"embeddable":true,"href":"https:\/\/lavereda.com.mx\/index.php\/wp-json\/wp\/v2\/users\/9"}],"replies":[{"embeddable":true,"href":"https:\/\/lavereda.com.mx\/index.php\/wp-json\/wp\/v2\/comments?post=2385"}],"version-history":[{"count":2,"href":"https:\/\/lavereda.com.mx\/index.php\/wp-json\/wp\/v2\/posts\/2385\/revisions"}],"predecessor-version":[{"id":2388,"href":"https:\/\/lavereda.com.mx\/index.php\/wp-json\/wp\/v2\/posts\/2385\/revisions\/2388"}],"wp:featuredmedia":[{"embeddable":true,"href":"https:\/\/lavereda.com.mx\/index.php\/wp-json\/wp\/v2\/media\/2386"}],"wp:attachment":[{"href":"https:\/\/lavereda.com.mx\/index.php\/wp-json\/wp\/v2\/media?parent=2385"}],"wp:term":[{"taxonomy":"category","embeddable":true,"href":"https:\/\/lavereda.com.mx\/index.php\/wp-json\/wp\/v2\/categories?post=2385"},{"taxonomy":"post_tag","embeddable":true,"href":"https:\/\/lavereda.com.mx\/index.php\/wp-json\/wp\/v2\/tags?post=2385"}],"curies":[{"name":"wp","href":"https:\/\/api.w.org\/{rel}","templated":true}]}}