{"id":238,"date":"2020-08-15T05:08:12","date_gmt":"2020-08-15T05:08:12","guid":{"rendered":"https:\/\/web.lavereda.com.mx\/?p=238"},"modified":"2020-08-15T05:08:12","modified_gmt":"2020-08-15T05:08:12","slug":"anuncian-ganador-del-premio-nacional-de-cuento-julio-torri","status":"publish","type":"post","link":"https:\/\/lavereda.com.mx\/index.php\/2020\/08\/15\/anuncian-ganador-del-premio-nacional-de-cuento-julio-torri\/","title":{"rendered":"Anuncian ganador del Premio Nacional de Cuento Julio Torri"},"content":{"rendered":"\n<p>La Secretar\u00eda de Cultura del Gobierno de Coahuila , en coordinaci\u00f3n con la Secretar\u00eda de Cultura del Gobierno Federal y del programa \u201cTierra Adentro\u201d,&nbsp; dieron a conocer al ganador del Premio Nacional de Cuento Breve Julio Torri 2020.<\/p>\n\n\n\n<hr class=\"wp-block-separator\" id=\"system-readmore\"\/>\n\n\n\n<p>La titular de la dependencia Ana Sof\u00eda Garc\u00eda Camil, inform\u00f3 que este a\u00f1o Daniel Monta\u00f1o Beckmann result\u00f3 merecedor de este importante premio:<\/p>\n\n\n\n<p>\u201cQueremos felicitar a Daniel Monta\u00f1o, a quien por su obra La Biblia Encarnada el jurado lo nombr\u00f3 ganador. Estamos orgullosos del magn\u00edfico cuento que envi\u00f3, as\u00ed como de todos aquellos que nos compartieron y participaron con sus obras\u201d, dijo.<\/p>\n\n\n\n<p>Garc\u00eda Camil a\u00f1adi\u00f3 que durante el proceso de selecci\u00f3n, el jurado se decidi\u00f3 dar Menci\u00f3n Honor\u00edfica a Melinna Esmeralda Guerrero Romo, por su obra Historia de Nuestra Esperanza.<\/p>\n\n\n\n<p>La funcionaria estatal destac\u00f3 que desde el 2001 se lleva a cabo este importante premio literario, que en esta edici\u00f3n tuvo un est\u00edmulo de 100 mil pesos.<\/p>\n\n\n\n<blockquote class=\"wp-block-quote is-layout-flow wp-block-quote-is-layout-flow\"><p>\u201cRecordemos que desde el a\u00f1o 2001 se realiza este certamen, que impulsa la creaci\u00f3n de expresiones literarias de calidad y apoya a los creadores mexicanos.<\/p><p>\u201cTan s\u00f3lo para esta edici\u00f3n se registraron 47 participantes de los estados de Coahuila, Ciudad de M\u00e9xico, Monterrey, Guadalajara y del Estado de M\u00e9xico, principalmente, siendo algunas participaciones en formato digital debido a la actual contingencia\u201d, detall\u00f3.<\/p><\/blockquote>\n\n\n\n<p>&nbsp;Cabe mencionar que el jurado estuvo integrado por Paula Abramo, Dana Gelinas y Edson Lechuga, quienes por unanimidad decidieron que el ganador de este a\u00f1o ser\u00eda Daniel Monta\u00f1o.<\/p>\n\n\n\n<p>EL GANADOR<\/p>\n\n\n\n<p>Daniel Monta\u00f1o Beckmann es Licenciado en Filosof\u00eda y Ciencias Sociales con enfoque en Escritura y Literatura, con experiencia en edici\u00f3n de contenido escrito para medios literarios (revistas impresas y en l\u00ednea).<\/p>\n\n\n\n<p>Entre sus publicaciones destacan el Cap\u00edtulo de libro Ayotzinapa y la Crisis del Estado Neoliberal Mexicano, coordinaci\u00f3n del Dr. David Velasco Y\u00e1\u00f1ez, sj., 2015. Revista impresa Este Pa\u00eds, n\u00fameros 296 y 303. Revista digital de literatura Tierra Adentro. Plataforma digital Ipstori. 24 cuentos y cr\u00f3nicas. Revista impresa de filosof\u00eda Xipe Totec. La \u00e9tica y la est\u00e9tica ilustradas en el cine. N\u00famero 95. Resonancias \u00e9ticas en la experiencia est\u00e9tica. N\u00famero 98.<\/p>\n","protected":false},"excerpt":{"rendered":"<p>La Secretar\u00eda de Cultura del Gobierno de Coahuila , en coordinaci\u00f3n con la Secretar\u00eda de Cultura del Gobierno Federal y del programa \u201cTierra Adentro\u201d,  dieron a conocer al ganador del Premio Nacional de Cuento Breve Julio Torri 2020.<\/p>\n","protected":false},"author":1,"featured_media":239,"comment_status":"open","ping_status":"open","sticky":false,"template":"","format":"standard","meta":{"footnotes":""},"categories":[5],"tags":[],"class_list":["post-238","post","type-post","status-publish","format-standard","has-post-thumbnail","hentry","category-letras-y-libros","entry"],"_links":{"self":[{"href":"https:\/\/lavereda.com.mx\/index.php\/wp-json\/wp\/v2\/posts\/238","targetHints":{"allow":["GET"]}}],"collection":[{"href":"https:\/\/lavereda.com.mx\/index.php\/wp-json\/wp\/v2\/posts"}],"about":[{"href":"https:\/\/lavereda.com.mx\/index.php\/wp-json\/wp\/v2\/types\/post"}],"author":[{"embeddable":true,"href":"https:\/\/lavereda.com.mx\/index.php\/wp-json\/wp\/v2\/users\/1"}],"replies":[{"embeddable":true,"href":"https:\/\/lavereda.com.mx\/index.php\/wp-json\/wp\/v2\/comments?post=238"}],"version-history":[{"count":1,"href":"https:\/\/lavereda.com.mx\/index.php\/wp-json\/wp\/v2\/posts\/238\/revisions"}],"predecessor-version":[{"id":240,"href":"https:\/\/lavereda.com.mx\/index.php\/wp-json\/wp\/v2\/posts\/238\/revisions\/240"}],"wp:featuredmedia":[{"embeddable":true,"href":"https:\/\/lavereda.com.mx\/index.php\/wp-json\/wp\/v2\/media\/239"}],"wp:attachment":[{"href":"https:\/\/lavereda.com.mx\/index.php\/wp-json\/wp\/v2\/media?parent=238"}],"wp:term":[{"taxonomy":"category","embeddable":true,"href":"https:\/\/lavereda.com.mx\/index.php\/wp-json\/wp\/v2\/categories?post=238"},{"taxonomy":"post_tag","embeddable":true,"href":"https:\/\/lavereda.com.mx\/index.php\/wp-json\/wp\/v2\/tags?post=238"}],"curies":[{"name":"wp","href":"https:\/\/api.w.org\/{rel}","templated":true}]}}