{"id":2376,"date":"2021-09-29T16:34:10","date_gmt":"2021-09-29T16:34:10","guid":{"rendered":"http:\/\/lavereda.com.mx\/?p=2376"},"modified":"2021-09-29T18:24:33","modified_gmt":"2021-09-29T18:24:33","slug":"la-biblioteca-publica-municipal-sor-juana-ines-de-la-cruz-de-torreon-cuenta-con-nuevas-instalaciones","status":"publish","type":"post","link":"https:\/\/lavereda.com.mx\/index.php\/2021\/09\/29\/la-biblioteca-publica-municipal-sor-juana-ines-de-la-cruz-de-torreon-cuenta-con-nuevas-instalaciones\/","title":{"rendered":"Reinauguran la Biblioteca  Municipal Sor Juana In\u00e9s de la Cruz"},"content":{"rendered":"\n<p>Este martes 29 de Septiembre se llev\u00f3 a cabo la apertura oficial de las nuevas instalaciones que conforman la Biblioteca P\u00fablica Municipal Sor Juana In\u00e9s de la Cruz, ubicada en la colonia Eugenio Aguirre Benavides en el norte-poniente de la ciudad.<\/p>\n\n\n\n<p>Se cont\u00f3 con presencia del titular de la Direcci\u00f3n General de Cultura, El\u00edas Ag\u00fcero, la Regidora Pdta. De la Comisi\u00f3n de Cultura y Educaci\u00f3n, Diana Valeria Hern\u00e1ndez, as\u00ed como la Directora de Bibliotecas Municipales, Ana Isabel Godina, y Sandra Cecilia Venega L\u00f3pez, presidenta de Luz y Vica A.C.&nbsp;<\/p>\n\n\n\n<p>Zerme\u00f1o Infante agradeci\u00f3 a quienes hicieron posible darle vida a esta biblioteca, al hacer notar que espacios como este no deben faltar ante la necesidad de continuar fomentando el sano h\u00e1bito de la lectura entre ni\u00f1os y j\u00f3venes.<\/p>\n\n\n\n<p>La BPM Sor Juana In\u00e9s de la Cruz abri\u00f3 sus puertas en el mes de noviembre del a\u00f1o 2005, sobre la calle Potrero del llano, sin embargo dicho terreno fue cedido en condici\u00f3n de comodato a la Asociaci\u00f3n Luz de Vida A.C. a finales del 2017, es por ello que fue necesaria la reubicaci\u00f3n de la biblioteca, que ahora se encontrar\u00e1 en la calle blanco #1234 en la misma colonia, justo al doblar la esquina de sus antiguas instalaciones.<\/p>\n\n\n\n<p>Cabe mencionar que son 17 bibliotecas p\u00fablicas municipales en total con las que se cuenta, y a las cuales de momento se puede acudir a las salas digitales, as\u00ed como para estudio y tareas.<\/p>\n\n\n\n<div class=\"wp-block-image\"><figure class=\"aligncenter size-large is-resized\"><img fetchpriority=\"high\" decoding=\"async\" src=\"https:\/\/lavereda.com.mx\/wp-content\/uploads\/2021\/09\/243492787_4667696516574973_356910210219807899_n-e1632933167948.jpeg\" alt=\"\" class=\"wp-image-2379\" width=\"371\" height=\"247\"\/><\/figure><\/div>\n\n\n\n<p><em>La biblioteca cuenta con un acervo de 1547 libros, y <\/em>en cuanto al pr\u00e9stamo de libros, a\u00fan se est\u00e1 evaluando, ya que se est\u00e1n clasificando las obras.<\/p>\n\n\n\n<p>Los servicios que ofrecer\u00e1 la biblioteca son gratuitos, sus visitantes podr\u00e1n solicitar el pr\u00e9stamo de libros a domicilio en las pr\u00f3ximas semanas, m\u00f3dulo de servicios digitales con internet, visitas de grupos escolares, c\u00edrculos de lectura dentro de la biblioteca, as\u00ed como la hora del cuento, adem\u00e1s de los cursos de verano que se realizan a\u00f1o con a\u00f1o.<\/p>\n","protected":false},"excerpt":{"rendered":"<p>Este martes 29 de Septiembre se llev\u00f3 a cabo la apertura oficial de las nuevas instalaciones que conforman la Biblioteca P\u00fablica Municipal Sor Juana In\u00e9s de la Cruz, ubicada en &hellip; <a href=\"https:\/\/lavereda.com.mx\/index.php\/2021\/09\/29\/la-biblioteca-publica-municipal-sor-juana-ines-de-la-cruz-de-torreon-cuenta-con-nuevas-instalaciones\/\" class=\"more-link\">Leer m\u00e1s<\/a><\/p>\n","protected":false},"author":1,"featured_media":2377,"comment_status":"open","ping_status":"open","sticky":false,"template":"","format":"standard","meta":{"footnotes":""},"categories":[5,18],"tags":[],"class_list":["post-2376","post","type-post","status-publish","format-standard","has-post-thumbnail","hentry","category-letras-y-libros","category-lomasrelevante","entry"],"_links":{"self":[{"href":"https:\/\/lavereda.com.mx\/index.php\/wp-json\/wp\/v2\/posts\/2376","targetHints":{"allow":["GET"]}}],"collection":[{"href":"https:\/\/lavereda.com.mx\/index.php\/wp-json\/wp\/v2\/posts"}],"about":[{"href":"https:\/\/lavereda.com.mx\/index.php\/wp-json\/wp\/v2\/types\/post"}],"author":[{"embeddable":true,"href":"https:\/\/lavereda.com.mx\/index.php\/wp-json\/wp\/v2\/users\/1"}],"replies":[{"embeddable":true,"href":"https:\/\/lavereda.com.mx\/index.php\/wp-json\/wp\/v2\/comments?post=2376"}],"version-history":[{"count":2,"href":"https:\/\/lavereda.com.mx\/index.php\/wp-json\/wp\/v2\/posts\/2376\/revisions"}],"predecessor-version":[{"id":2382,"href":"https:\/\/lavereda.com.mx\/index.php\/wp-json\/wp\/v2\/posts\/2376\/revisions\/2382"}],"wp:featuredmedia":[{"embeddable":true,"href":"https:\/\/lavereda.com.mx\/index.php\/wp-json\/wp\/v2\/media\/2377"}],"wp:attachment":[{"href":"https:\/\/lavereda.com.mx\/index.php\/wp-json\/wp\/v2\/media?parent=2376"}],"wp:term":[{"taxonomy":"category","embeddable":true,"href":"https:\/\/lavereda.com.mx\/index.php\/wp-json\/wp\/v2\/categories?post=2376"},{"taxonomy":"post_tag","embeddable":true,"href":"https:\/\/lavereda.com.mx\/index.php\/wp-json\/wp\/v2\/tags?post=2376"}],"curies":[{"name":"wp","href":"https:\/\/api.w.org\/{rel}","templated":true}]}}