{"id":2367,"date":"2021-09-29T15:53:53","date_gmt":"2021-09-29T15:53:53","guid":{"rendered":"http:\/\/lavereda.com.mx\/?p=2367"},"modified":"2021-09-29T21:53:07","modified_gmt":"2021-09-29T21:53:07","slug":"se-acerca-la-grabacion-del-nuevo-cortometraje-el-pozo","status":"publish","type":"post","link":"https:\/\/lavereda.com.mx\/index.php\/2021\/09\/29\/se-acerca-la-grabacion-del-nuevo-cortometraje-el-pozo\/","title":{"rendered":"Se acerca la grabaci\u00f3n del nuevo cortometraje \u00abEl pozo\u00bb"},"content":{"rendered":"\n<ul class=\"wp-block-list\"><li>El equipo que se encargar\u00e1 de la grabaci\u00f3n es de la comarca lagunera a excepci\u00f3n de la actriz.<\/li><\/ul>\n\n\n\n<p>En los \u00faltimos d\u00edas del mes de octubre, se llevar\u00e1 a cabo la grabaci\u00f3n del cortometraje \u201cel pozo\u201d por parte de La tribu Filmaker un colectivo de artistas que cuentan historias a trav\u00e9s de productos audiovisuales.<\/p>\n\n\n\n<p>Ser\u00e1 dirigido por Robert L Casta\u00f1eda, quien adem\u00e1s se encarg\u00f3 de escribir el gui\u00f3n. <\/p>\n\n\n\n<p>El es productor audiovisual desde hace tiempo, y ha realizado varios cortometrajes que ahora puedes encontrar en su canal de YouTube, adem\u00e1s cuenta con un libro en amazon el cual se llama \u00abLejos de Casa\u00bb.<\/p>\n\n\n\n<div class=\"wp-block-image\"><figure class=\"aligncenter size-large is-resized\"><img fetchpriority=\"high\" decoding=\"async\" src=\"https:\/\/lavereda.com.mx\/wp-content\/uploads\/2021\/09\/1724c391-6c48-432a-8b23-c0e289cdd9b0-593x1024.jpeg\" alt=\"\" class=\"wp-image-2370\" width=\"240\" height=\"414\"\/><figcaption>Robert L Casta\u00f1eda<\/figcaption><\/figure><\/div>\n\n\n\n<p>La grabaci\u00f3n se llevar\u00e1 a cabo en la ciudad de Torre\u00f3n, y se contar\u00e1 con la participaci\u00f3n de la actriz Lizeth L\u00f3pez, ella es originaria de la Ciudad de M\u00e9xico, la cual fue seleccionada en un casting de 50 participantes.&nbsp;<\/p>\n\n\n\n<p>Adem\u00e1s, es producido por Carlos Liras, y el financiamiento viene por parte de algunas empresas privadas, que se sumaron a la iniciativa de este cortometraje.<\/p>\n\n\n\n<p>\u201cEl pozo\u201d, es una historia de una chica que espera ser rescatada, ya que su novio la vendi\u00f3, ella escapa y est\u00e1 esperando que la encuentren, antes de que alguien m\u00e1s lo haga.&nbsp;<\/p>\n\n\n\n<p>La tem\u00e1tica principal es de suspenso y ficci\u00f3n.<\/p>\n\n\n\n<p>Tendr\u00e1 una duraci\u00f3n de 10 minutos y la presentaci\u00f3n ser\u00e1 acompa\u00f1ada de una charla con el fin de concientizar a los j\u00f3venes del cuidado que deben tener al salir de casa a altas hora de la noche.<\/p>\n\n\n\n<div class=\"wp-block-image\"><figure class=\"aligncenter size-large is-resized\"><img decoding=\"async\" src=\"https:\/\/lavereda.com.mx\/wp-content\/uploads\/2021\/09\/e6eeee8c-78ef-49b5-99e9-7ed428926f45-1024x1024.jpeg\" alt=\"\" class=\"wp-image-2369\" width=\"187\" height=\"187\"\/><\/figure><\/div>\n\n\n\n<p>Para m\u00e1s informaci\u00f3n visita el instagram de Robert L Casta\u00f1eda @rob3rtcastaneda y @latribu_filmakers<\/p>\n\n\n\n<p><\/p>\n\n\n\n<p class=\"has-small-font-size\">Fuente: La tribu Filmaker<\/p>\n","protected":false},"excerpt":{"rendered":"<p>El equipo que se encargar\u00e1 de la grabaci\u00f3n es de la comarca lagunera a excepci\u00f3n de la actriz. En los \u00faltimos d\u00edas del mes de octubre, se llevar\u00e1 a cabo &hellip; <a href=\"https:\/\/lavereda.com.mx\/index.php\/2021\/09\/29\/se-acerca-la-grabacion-del-nuevo-cortometraje-el-pozo\/\" class=\"more-link\">Leer m\u00e1s<\/a><\/p>\n","protected":false},"author":14,"featured_media":2368,"comment_status":"open","ping_status":"open","sticky":false,"template":"","format":"standard","meta":{"footnotes":""},"categories":[3,7,18],"tags":[],"class_list":["post-2367","post","type-post","status-publish","format-standard","has-post-thumbnail","hentry","category-artes-visuales","category-entretenimiento","category-lomasrelevante","entry"],"_links":{"self":[{"href":"https:\/\/lavereda.com.mx\/index.php\/wp-json\/wp\/v2\/posts\/2367","targetHints":{"allow":["GET"]}}],"collection":[{"href":"https:\/\/lavereda.com.mx\/index.php\/wp-json\/wp\/v2\/posts"}],"about":[{"href":"https:\/\/lavereda.com.mx\/index.php\/wp-json\/wp\/v2\/types\/post"}],"author":[{"embeddable":true,"href":"https:\/\/lavereda.com.mx\/index.php\/wp-json\/wp\/v2\/users\/14"}],"replies":[{"embeddable":true,"href":"https:\/\/lavereda.com.mx\/index.php\/wp-json\/wp\/v2\/comments?post=2367"}],"version-history":[{"count":6,"href":"https:\/\/lavereda.com.mx\/index.php\/wp-json\/wp\/v2\/posts\/2367\/revisions"}],"predecessor-version":[{"id":2384,"href":"https:\/\/lavereda.com.mx\/index.php\/wp-json\/wp\/v2\/posts\/2367\/revisions\/2384"}],"wp:featuredmedia":[{"embeddable":true,"href":"https:\/\/lavereda.com.mx\/index.php\/wp-json\/wp\/v2\/media\/2368"}],"wp:attachment":[{"href":"https:\/\/lavereda.com.mx\/index.php\/wp-json\/wp\/v2\/media?parent=2367"}],"wp:term":[{"taxonomy":"category","embeddable":true,"href":"https:\/\/lavereda.com.mx\/index.php\/wp-json\/wp\/v2\/categories?post=2367"},{"taxonomy":"post_tag","embeddable":true,"href":"https:\/\/lavereda.com.mx\/index.php\/wp-json\/wp\/v2\/tags?post=2367"}],"curies":[{"name":"wp","href":"https:\/\/api.w.org\/{rel}","templated":true}]}}