{"id":2363,"date":"2021-09-28T13:59:49","date_gmt":"2021-09-28T13:59:49","guid":{"rendered":"http:\/\/lavereda.com.mx\/?p=2363"},"modified":"2021-09-28T13:59:51","modified_gmt":"2021-09-28T13:59:51","slug":"orquesta-italiana-clausura-la-filc-en-torreon","status":"publish","type":"post","link":"https:\/\/lavereda.com.mx\/index.php\/2021\/09\/28\/orquesta-italiana-clausura-la-filc-en-torreon\/","title":{"rendered":"Orquesta italiana clausura la FILC en Torre\u00f3n"},"content":{"rendered":"\n<p>Anoche en el escenario del Teatro Isauro Mart\u00ednez se present\u00f3 el Concierto de clausura de la XXIII edici\u00f3n de Feria Internacional del Libro de Coahuila, con las\u00a0 \u201cLas Cuatro Estaciones de Vivaldi\u201d,  a cargo de la\u00a0 Nueva Orquesta Ferruccio Busoni, de Tri\u00e9ste, Italia.<\/p>\n\n\n\n<p>La orquesta, una de las primeras orquestas de c\u00e1mara constituidas despu\u00e9s de la 2\u00aa. Guerra y con un impresionante r\u00e9cord de presentaciones en los mejores escenarios de Europa, bajo la direcci\u00f3n de Massimo Belli present\u00f3 un programa \u00edntegramente barroco en el que destacan la ejecuci\u00f3n completa de las Cuatro Estaciones de Vivaldi, el Concertone en Do mayor de Giuseppe Tartini y el Recitativo en Re menor de Francesco Antonio Bonporti,&nbsp; mismo que arranc\u00f3 los aplausos de los emocionados laguneros que se dieron cita en el recinto cultural m\u00e1s emblem\u00e1tico de la regi\u00f3n.<\/p>\n\n\n\n<p>La Secretaria de Cultura, Ana Sof\u00eda Garc\u00eda Camil mencion\u00f3 que \u201cEstamos muy contentos de tener a esta gran orquesta italiana interpretando en Torre\u00f3n la m\u00fasica de Vivaldi\u201d.<\/p>\n\n\n\n<p>Por su parte Gianni Vinciguerra, director del Instituto italiano de Cultura en M\u00e9xico y Agregado Cultural de la Embajada de Italia en nuestro pa\u00eds, coment\u00f3 que venir a Coahuila fue realmente muy grato, \u201cEstar invitados como pa\u00eds en un evento tan importante y bien organizado por Coahuila ha sido una gran experiencia, y a nombre del embajador y participantes agradecemos su calidad hospitalidad\u201d.<\/p>\n\n\n\n<blockquote class=\"wp-block-quote is-layout-flow wp-block-quote-is-layout-flow\"><p>\u00a0\u201cQue mejor que un concierto para estas conmemoraciones, cuando leemos un buen libro podemos percibir como sus p\u00e1ginas emanan una m\u00fasica seg\u00fan el ritmo y las pautas de la escritura, que ser\u00eda de la vida sin ritmo, al leer siempre tenemos un ritmo, por ejemplo, cuando leo el \u201cNocturno a Rosario\u201d de su paisano Manuel Acu\u00f1a, me gusta escuchar los nocturnos de Chopin\u201d dijo Vinciguerra.<\/p><\/blockquote>\n\n\n\n<p>El programa hizo vibrar a quienes se dieron cita en el Isauro Mart\u00ednez.<\/p>\n\n\n\n<p><strong>LA FERIA: UN PARTEAGUAS<\/strong><\/p>\n\n\n\n<p>Con una edici\u00f3n h\u00edbrida \u201cla Feria Internacional del Libro de Coahuila 2021 (FILC) se convierte en un parteaguas para este tipo de encuentros literarios a nivel nacional, luego de haber esperado a que las condiciones que marcaba el COVID_19 permitieran realizarla con el compromiso de cuidar a todas y todos sus participantes y asistentes\u201d se\u00f1al\u00f3 el director de la feria, Salvador \u00c1lvarez de la Fuente.<\/p>\n\n\n\n<p>\u00c9sta es una ocasi\u00f3n hist\u00f3rica para los amantes de la literatura y la cultura, tanto de Coahuila como de M\u00e9xico y el mundo, la 23 edici\u00f3n tuvo cerca de 65 mil visitantes de manera presencial y alrededor de 120 mil personas disfrutaron sus actividades de manera virtual en las redes sociales tanto de la Secretar\u00eda de Cultura, como de la FILC2021 y de las instituciones invitadas.<\/p>\n\n\n\n<p>Con 93 stands distribuidos a lo largo y ancho del recinto, 47 casas editoriales, m\u00e1s de 500 mil ejemplares distribuidos en 22 mil 500 t\u00edtulos diferentes, la Universidad Aut\u00f3noma de Coahuila, en su campus de Arteaga, fue la casa del gran encuentro literario, teniendo como sede alterna el Centro gastron\u00f3mico Il Mercato Gentiloni, con 21 mesas de venta y 385 t\u00edtulos diversos. Pensando en la participaci\u00f3n de todos los sectores de la poblaci\u00f3n, se destinaron 20 mesas al \u00e1rea de ventas de oferta, con 16 editoriales y 700 t\u00edtulos para todos los gustos y edades.<\/p>\n\n\n\n<figure class=\"wp-block-image size-large\"><img fetchpriority=\"high\" decoding=\"async\" width=\"1000\" height=\"750\" src=\"https:\/\/lavereda.com.mx\/wp-content\/uploads\/2021\/09\/Panoramica-FILC-2.jpg\" alt=\"\" class=\"wp-image-2365\" srcset=\"https:\/\/lavereda.com.mx\/wp-content\/uploads\/2021\/09\/Panoramica-FILC-2.jpg 1000w, https:\/\/lavereda.com.mx\/wp-content\/uploads\/2021\/09\/Panoramica-FILC-2-300x225.jpg 300w, https:\/\/lavereda.com.mx\/wp-content\/uploads\/2021\/09\/Panoramica-FILC-2-768x576.jpg 768w\" sizes=\"(max-width: 1000px) 100vw, 1000px\" \/><\/figure>\n","protected":false},"excerpt":{"rendered":"<p>Anoche en el escenario del Teatro Isauro Mart\u00ednez se present\u00f3 el Concierto de clausura de la XXIII edici\u00f3n de Feria Internacional del Libro de Coahuila, con las\u00a0 \u201cLas Cuatro Estaciones &hellip; <a href=\"https:\/\/lavereda.com.mx\/index.php\/2021\/09\/28\/orquesta-italiana-clausura-la-filc-en-torreon\/\" class=\"more-link\">Leer m\u00e1s<\/a><\/p>\n","protected":false},"author":1,"featured_media":2364,"comment_status":"open","ping_status":"open","sticky":false,"template":"","format":"standard","meta":{"footnotes":""},"categories":[2,5],"tags":[],"class_list":["post-2363","post","type-post","status-publish","format-standard","has-post-thumbnail","hentry","category-artes-escenicas","category-letras-y-libros","entry"],"_links":{"self":[{"href":"https:\/\/lavereda.com.mx\/index.php\/wp-json\/wp\/v2\/posts\/2363","targetHints":{"allow":["GET"]}}],"collection":[{"href":"https:\/\/lavereda.com.mx\/index.php\/wp-json\/wp\/v2\/posts"}],"about":[{"href":"https:\/\/lavereda.com.mx\/index.php\/wp-json\/wp\/v2\/types\/post"}],"author":[{"embeddable":true,"href":"https:\/\/lavereda.com.mx\/index.php\/wp-json\/wp\/v2\/users\/1"}],"replies":[{"embeddable":true,"href":"https:\/\/lavereda.com.mx\/index.php\/wp-json\/wp\/v2\/comments?post=2363"}],"version-history":[{"count":1,"href":"https:\/\/lavereda.com.mx\/index.php\/wp-json\/wp\/v2\/posts\/2363\/revisions"}],"predecessor-version":[{"id":2366,"href":"https:\/\/lavereda.com.mx\/index.php\/wp-json\/wp\/v2\/posts\/2363\/revisions\/2366"}],"wp:featuredmedia":[{"embeddable":true,"href":"https:\/\/lavereda.com.mx\/index.php\/wp-json\/wp\/v2\/media\/2364"}],"wp:attachment":[{"href":"https:\/\/lavereda.com.mx\/index.php\/wp-json\/wp\/v2\/media?parent=2363"}],"wp:term":[{"taxonomy":"category","embeddable":true,"href":"https:\/\/lavereda.com.mx\/index.php\/wp-json\/wp\/v2\/categories?post=2363"},{"taxonomy":"post_tag","embeddable":true,"href":"https:\/\/lavereda.com.mx\/index.php\/wp-json\/wp\/v2\/tags?post=2363"}],"curies":[{"name":"wp","href":"https:\/\/api.w.org\/{rel}","templated":true}]}}