{"id":2356,"date":"2021-09-27T17:03:48","date_gmt":"2021-09-27T17:03:48","guid":{"rendered":"http:\/\/lavereda.com.mx\/?p=2356"},"modified":"2021-09-28T13:40:03","modified_gmt":"2021-09-28T13:40:03","slug":"para-conmemorar-la-independencia-el-inehrm-lanza-15-novedades-editoriales","status":"publish","type":"post","link":"https:\/\/lavereda.com.mx\/index.php\/2021\/09\/27\/para-conmemorar-la-independencia-el-inehrm-lanza-15-novedades-editoriales\/","title":{"rendered":"Para conmemorar la Independencia, el INEHRM lanza 15 novedades editoriales"},"content":{"rendered":"\n<p>En el marco de las conmemoraciones por el 200 aniversario de la consumaci\u00f3n de la Independencia, este 27 de septiembre, la Secretar\u00eda de Cultura del Gobierno de M\u00e9xico, a trav\u00e9s del Instituto Nacional de Estudios Hist\u00f3ricos de las Revoluciones de M\u00e9xico (INEHRM), lanza 15 novedades editoriales, las cuales est\u00e1n disponibles para su descarga gratuita como una contribuci\u00f3n al mejor conocimiento del proceso independentista.<\/p>\n\n\n\n<p>Dichas publicaciones digitales, que se suman a la Estrategia Nacional de Lectura, se encuentran disponibles para todo el p\u00fablico en las plataformas #Contigoenladistancia e INEHRM (inehrm.gob.mx). Cabe se\u00f1alar que, con estas novedades,&nbsp; con temas relacionados a la Independencia de M\u00e9xico, asciende a casi 40 libros digitales.<\/p>\n\n\n\n<p>Las y los internautas podr\u00e1n encontrar, entre estas 15 nuevas publicaciones, la serie \u201cEstampas de la Independencia\u201d, en la que este proceso, iniciado en septiembre de 1810 y consumado 11 a\u00f1os despu\u00e9s, es analizado desde diversas perspectivas. Las obras abordan aspectos como la abolici\u00f3n de la esclavitud, las estrategias militares y los principales documentos pol\u00edticos, pero tambi\u00e9n la m\u00fasica y la pintura del periodo.&nbsp;<\/p>\n\n\n\n<p>Una segunda serie son las \u201cAntolog\u00edas documentales\u201d que contienen correspondencia, manifiestos, bandos, discursos y testimonios del proceso libertario. La serie est\u00e1 compuesta por las obras <em>Entre letras y fusiles. Antolog\u00eda documental de la Revoluci\u00f3n de Independencia (1808-1824)<\/em>; <em>Los Sentimientos de la Naci\u00f3n de Jos\u00e9 Mar\u00eda Morelos. Antolog\u00eda Documental<\/em>; <em>Por la Libertad, Bol\u00edvar y M\u00e9xico<\/em>, y <em>Vicente Guerrero. De las monta\u00f1as del sur a Palacio Nacional<\/em>.&nbsp;<\/p>\n\n\n\n<p>Cabe destacar que los libros para p\u00fablico infantil, entre los que se puede encontrar la edici\u00f3n de nuevas biograf\u00edas de Vicente Guerrero, Servando Teresa de Mier y Nicol\u00e1s Bravo, las cuales se suman a las de otros personajes que participaron en el proceso de independencia y que forman parte de la oferta editorial del INEHRM, como Leona Vicario y Jos\u00e9 Mar\u00eda Morelos.<\/p>\n\n\n\n<div class=\"wp-block-image\"><figure class=\"aligncenter size-large is-resized\"><img fetchpriority=\"high\" decoding=\"async\" src=\"https:\/\/lavereda.com.mx\/wp-content\/uploads\/2021\/09\/libros.png\" alt=\"\" class=\"wp-image-2357\" width=\"576\" height=\"406\" srcset=\"https:\/\/lavereda.com.mx\/wp-content\/uploads\/2021\/09\/libros.png 1000w, https:\/\/lavereda.com.mx\/wp-content\/uploads\/2021\/09\/libros-300x212.png 300w, https:\/\/lavereda.com.mx\/wp-content\/uploads\/2021\/09\/libros-768x543.png 768w\" sizes=\"(max-width: 576px) 100vw, 576px\" \/><\/figure><\/div>\n\n\n\n<p>Por \u00faltimo, en colaboraci\u00f3n con El Colegio de Veracruz y el gobierno de esa entidad, el INEHRM edit\u00f3 el libro <em>Los Tratados de C\u00f3rdoba<\/em>, en el que una docena de especialistas analizan el proceso que permiti\u00f3 la consumaci\u00f3n de la independencia, desde la historia social y pol\u00edtica. El libro se encuentra disponible en digital e impreso.&nbsp;<\/p>\n\n\n\n<p>Para mayor informaci\u00f3n sobre las actividades del INEHRM consulta www.inehrm.gob.mx y sus redes sociales: en Twitter @INEHRM, en Facebook inehrm.fanpage y Canal INEHRM de YouTube.&nbsp;<\/p>\n\n\n\n<p>Sigue las redes sociales de la Secretar\u00eda de Cultura en Twitter (@cultura_mx), Facebook (\/SecretariaCulturaMX) e Instagram (@culturamx).<\/p>\n","protected":false},"excerpt":{"rendered":"<p>En el marco de las conmemoraciones por el 200 aniversario de la consumaci\u00f3n de la Independencia, este 27 de septiembre, la Secretar\u00eda de Cultura del Gobierno de M\u00e9xico, a trav\u00e9s &hellip; <a href=\"https:\/\/lavereda.com.mx\/index.php\/2021\/09\/27\/para-conmemorar-la-independencia-el-inehrm-lanza-15-novedades-editoriales\/\" class=\"more-link\">Leer m\u00e1s<\/a><\/p>\n","protected":false},"author":1,"featured_media":2358,"comment_status":"open","ping_status":"open","sticky":false,"template":"","format":"standard","meta":{"footnotes":""},"categories":[5,18],"tags":[],"class_list":["post-2356","post","type-post","status-publish","format-standard","has-post-thumbnail","hentry","category-letras-y-libros","category-lomasrelevante","entry"],"_links":{"self":[{"href":"https:\/\/lavereda.com.mx\/index.php\/wp-json\/wp\/v2\/posts\/2356","targetHints":{"allow":["GET"]}}],"collection":[{"href":"https:\/\/lavereda.com.mx\/index.php\/wp-json\/wp\/v2\/posts"}],"about":[{"href":"https:\/\/lavereda.com.mx\/index.php\/wp-json\/wp\/v2\/types\/post"}],"author":[{"embeddable":true,"href":"https:\/\/lavereda.com.mx\/index.php\/wp-json\/wp\/v2\/users\/1"}],"replies":[{"embeddable":true,"href":"https:\/\/lavereda.com.mx\/index.php\/wp-json\/wp\/v2\/comments?post=2356"}],"version-history":[{"count":2,"href":"https:\/\/lavereda.com.mx\/index.php\/wp-json\/wp\/v2\/posts\/2356\/revisions"}],"predecessor-version":[{"id":2362,"href":"https:\/\/lavereda.com.mx\/index.php\/wp-json\/wp\/v2\/posts\/2356\/revisions\/2362"}],"wp:featuredmedia":[{"embeddable":true,"href":"https:\/\/lavereda.com.mx\/index.php\/wp-json\/wp\/v2\/media\/2358"}],"wp:attachment":[{"href":"https:\/\/lavereda.com.mx\/index.php\/wp-json\/wp\/v2\/media?parent=2356"}],"wp:term":[{"taxonomy":"category","embeddable":true,"href":"https:\/\/lavereda.com.mx\/index.php\/wp-json\/wp\/v2\/categories?post=2356"},{"taxonomy":"post_tag","embeddable":true,"href":"https:\/\/lavereda.com.mx\/index.php\/wp-json\/wp\/v2\/tags?post=2356"}],"curies":[{"name":"wp","href":"https:\/\/api.w.org\/{rel}","templated":true}]}}