{"id":232,"date":"2020-08-15T05:02:22","date_gmt":"2020-08-15T05:02:22","guid":{"rendered":"https:\/\/web.lavereda.com.mx\/?p=232"},"modified":"2020-08-15T05:02:22","modified_gmt":"2020-08-15T05:02:22","slug":"comienza-la-feria-nacional-del-libro-de-zacatecas","status":"publish","type":"post","link":"https:\/\/lavereda.com.mx\/index.php\/2020\/08\/15\/comienza-la-feria-nacional-del-libro-de-zacatecas\/","title":{"rendered":"Comienza la Feria Nacional del Libro de Zacatecas"},"content":{"rendered":"\n<p>Comienza&nbsp; la edici\u00f3n virtual de la Feria Nacional del Libro de Zacatecas (FENALIZ).&nbsp;<\/p>\n\n\n\n<p>La&nbsp;Fenaliz&nbsp;tiene&nbsp;lugar&nbsp;del 1 al 17 de agosto y&nbsp;contar\u00e1 con&nbsp;alrededor de 90 actividades&nbsp;que incluyen presentaciones de libros, conversatorios, conferencias, narraciones orales y actividades para ni\u00f1os y se&nbsp;le rendir\u00e1&nbsp;un&nbsp;homenaje al escritor zacatecano Severino Salazar.&nbsp;<\/p>\n\n\n\n<hr class=\"wp-block-separator\" id=\"system-readmore\"\/>\n\n\n\n<p>La organizaci\u00f3n corre a cargo del Instituto Zacatecano de Cultura (IZC) \u201cRam\u00f3n L\u00f3pez Velarde\u201d&nbsp;en coordinaci\u00f3n con la C\u00e1mara Nacional de la Industria Editorial Mexicana (CANIEM).<\/p>\n\n\n\n<p>La m\u00e1xima fiesta de las letras zacatecanas contar\u00e1 con la participaci\u00f3n de 70 editoriales con m\u00e1s de 120 sellos, con t\u00edtulos acad\u00e9micos, de no ficci\u00f3n, de desarrollo humano, espiritualidad, infantiles, juveniles, educativos, de fomento a la lectura y de referencia. En suma, habr\u00e1 una oferta editorial de aproximadamente 5 mil t\u00edtulos,&nbsp;ofreciendo una gran oferta literaria&nbsp;que&nbsp;permitir\u00e1 a sus visitantes encontrar ese libro que tanto&nbsp;han buscado o bien,&nbsp;aquel&nbsp;que no sab\u00edan&nbsp;que estaban&nbsp;buscando&nbsp;y as\u00ed dar continuidad a una de la ferias m\u00e1s&nbsp;significativas de la regi\u00f3n.&nbsp;<\/p>\n\n\n\n<p>Este a\u00f1o, y a prop\u00f3sito del 15 aniversario del fallecimiento del escritor, docente e investigador Severino Salazar, se le rendir\u00e1 un homenaje en el que se reconocer\u00e1 su legado y trabajo en favor de letras en M\u00e9xico, por lo que la feria celebrar\u00e1 est\u00e1 fiesta del libro en honor del oriundo de&nbsp;Tepetongo, Zacatecas.&nbsp;&nbsp;<\/p>\n\n\n\n<p>Dentro de la programaci\u00f3n destacan presentaciones editoriales, conferencias, conversatorios, teatro, entrevistas, actividades infantiles y c\u00e1psulas sobre diferentes disciplinas como literatura, m\u00fasica y teatro, con esto la&nbsp;Fenaliz&nbsp;se convertir\u00e1 en una de las primeras ferias en poder brindar un espacio cultural que promueva, difunda y fomente la lectura a trav\u00e9s de diversas actividades en l\u00ednea en beneficio de zacatecanos de todo el estado, e incluso del pa\u00eds, mediante una campa\u00f1a en redes sociales del IZC que acompa\u00f1ar\u00e1 este importante evento.&nbsp;<\/p>\n\n\n\n<p>Cabe se\u00f1alar que, este formato digital permitir\u00e1 a los participantes ahorrar en sus costos de participaci\u00f3n&nbsp;dado que, por las circunstancias del mercado en los \u00faltimos seis meses, los gastos de operaci\u00f3n de las editoriales se han visto impactados y en este caso no tendr\u00e1n que gastar en conceptos como vi\u00e1ticos, comidas y hospedaje&nbsp;entre otros.&nbsp;<\/p>\n\n\n\n<p>Como un apoyo adicional, y para incrementar a\u00fan m\u00e1s estos ahorros, la CANIEM ha negociado con proveedores de servicios de mensajer\u00eda, para ofertar un servicio con costos accesibles que beneficiar\u00e1n tanto a las editoriales participantes como a los compradores que visiten la feria.&nbsp;<\/p>\n\n\n\n<p>Entre los escritores que participar\u00e1n en la&nbsp;Fenaliz&nbsp;se tendr\u00e1 a Benito Taibo (Un mundo sin dioses 2: La raz\u00f3n y la ira), \u00d3scar de la Borbolla (La rebeld\u00eda de pensar), Mar\u00eda Garc\u00eda Esper\u00f3n (Colecci\u00f3n de mitos cl\u00e1sicos), Enrique Serna (El vendedor de silencio), Norma Mu\u00f1oz Ledo (Peligro de suerte) entre otros, quienes presentar\u00e1n sus m\u00e1s recientes obras.&nbsp;<\/p>\n\n\n\n<p>Del mismo modo, personalidades como Alberto Ruy S\u00e1nchez, Cecilia Fuentes, Jos\u00e9 Luis Trueba, M\u00f3nica&nbsp;Brozon, entre otros, participar\u00e1n activamente en eventos cuyos temas centrales ser\u00e1n el libro, la cultura y las artes.&nbsp;<\/p>\n\n\n\n<p>La&nbsp;Fenaliz&nbsp;2020 dedicar\u00e1 los horarios de la ma\u00f1ana y de medio d\u00eda, principalmente para los ni\u00f1os, con actividades como presentaciones de libros, cuentacuentos y obras, y, durante la tarde, actividades primordialmente enfocadas para j\u00f3venes y adultos. Habr\u00e1 tambi\u00e9n recomendaciones literarias, hechas por los mismos autores e invitados.&nbsp;<\/p>\n\n\n\n<p>Con todo lo anterior, se busca llegar a todos los hogares y que, el formato virtual, juegue a favor de la feria y de los visitantes, ya que, aunque habr\u00e1 horarios determinados para las actividades, estas se mantendr\u00e1n disponibles en las redes sociales y en la plataforma durante todo el tiempo que dure la feria.&nbsp;<\/p>\n\n\n\n<p>Durante los d\u00edas que est\u00e9 presente la&nbsp;Fenaliz&nbsp;2020, habr\u00e1 actividades culturales para todos los gustos, haciendo de esta una verdadera fiesta en torno al libro, ideal para acercar a los autores y creadores con su p\u00fablico.&nbsp;<\/p>\n\n\n\n<p>Finalmente, las instancias que se suman a la Feria Nacional del Libro, en este a\u00f1o, son la UAM Azcapotzalco, el Sistema Zacatecano de Radio y Televisi\u00f3n (SIZART) y la Secretar\u00eda de Educaci\u00f3n de Zacatecas (Seduzac), a trav\u00e9s del Programa Estatal de Lectura, Zacatecas lee.&nbsp;<\/p>\n\n\n\n<p>Actividades en:&nbsp;<a href=\"https:\/\/www.facebook.com\/ferialibrozacatecas\/\">https:\/\/www.facebook.com\/ferialibrozacatecas\/<\/a><\/p>\n","protected":false},"excerpt":{"rendered":"<p>Comienza  la edici\u00f3n virtual de la Feria Nacional del Libro de Zacatecas (FENALIZ). <\/p>\n","protected":false},"author":1,"featured_media":221,"comment_status":"open","ping_status":"open","sticky":false,"template":"","format":"standard","meta":{"footnotes":""},"categories":[5],"tags":[],"class_list":["post-232","post","type-post","status-publish","format-standard","has-post-thumbnail","hentry","category-letras-y-libros","entry"],"_links":{"self":[{"href":"https:\/\/lavereda.com.mx\/index.php\/wp-json\/wp\/v2\/posts\/232","targetHints":{"allow":["GET"]}}],"collection":[{"href":"https:\/\/lavereda.com.mx\/index.php\/wp-json\/wp\/v2\/posts"}],"about":[{"href":"https:\/\/lavereda.com.mx\/index.php\/wp-json\/wp\/v2\/types\/post"}],"author":[{"embeddable":true,"href":"https:\/\/lavereda.com.mx\/index.php\/wp-json\/wp\/v2\/users\/1"}],"replies":[{"embeddable":true,"href":"https:\/\/lavereda.com.mx\/index.php\/wp-json\/wp\/v2\/comments?post=232"}],"version-history":[{"count":1,"href":"https:\/\/lavereda.com.mx\/index.php\/wp-json\/wp\/v2\/posts\/232\/revisions"}],"predecessor-version":[{"id":233,"href":"https:\/\/lavereda.com.mx\/index.php\/wp-json\/wp\/v2\/posts\/232\/revisions\/233"}],"wp:featuredmedia":[{"embeddable":true,"href":"https:\/\/lavereda.com.mx\/index.php\/wp-json\/wp\/v2\/media\/221"}],"wp:attachment":[{"href":"https:\/\/lavereda.com.mx\/index.php\/wp-json\/wp\/v2\/media?parent=232"}],"wp:term":[{"taxonomy":"category","embeddable":true,"href":"https:\/\/lavereda.com.mx\/index.php\/wp-json\/wp\/v2\/categories?post=232"},{"taxonomy":"post_tag","embeddable":true,"href":"https:\/\/lavereda.com.mx\/index.php\/wp-json\/wp\/v2\/tags?post=232"}],"curies":[{"name":"wp","href":"https:\/\/api.w.org\/{rel}","templated":true}]}}