{"id":2289,"date":"2021-09-16T17:14:49","date_gmt":"2021-09-16T17:14:49","guid":{"rendered":"http:\/\/lavereda.com.mx\/?p=2289"},"modified":"2021-09-16T17:14:51","modified_gmt":"2021-09-16T17:14:51","slug":"festejamos-a-torreon-por-sus-114-anos-como-ciudad","status":"publish","type":"post","link":"https:\/\/lavereda.com.mx\/index.php\/2021\/09\/16\/festejamos-a-torreon-por-sus-114-anos-como-ciudad\/","title":{"rendered":"Festejamos a Torre\u00f3n por sus 114 a\u00f1os como ciudad"},"content":{"rendered":"\n<p>En v\u00edsperas de la celebraci\u00f3n de la independencia de M\u00e9xico y sus 211 a\u00f1os de libertad, Torre\u00f3n cumpli\u00f3 114 a\u00f1os como ciudad este 15 de septiembre.<\/p>\n\n\n\n<p>De acuerdo a la informaci\u00f3n del Archivo Municipal de Torre\u00f3n, los preparativos para el nombramiento comenzaron el 17 de junio de 1907.<\/p>\n\n\n\n<p>Fue el Lic. D. Miguel C\u00e1rdenas, Gobernador de Coahuila, quien firm\u00f3 el decreto elevando al rango de \u00abciudad\u00bb a la villa de Torre\u00f3n, el 17 de junio de 1907 y publicado el 12 de julio del mismo a\u00f1o, siendo presidente municipal de Torre\u00f3n, don Rafael Aldape Quiroz. 1907-1908.&nbsp;<\/p>\n\n\n\n<p>Toc\u00f3 al Presidente Municipal D. Rafael Aldape Quiroz, ser actor en los sucesos m\u00e1s importantes de ese nuevo Torre\u00f3n: Alcalde de la Villa y de la Ciudad. Las obras materiales se multiplicaron: En octubre de ese a\u00f1o se inici\u00f3 la construcci\u00f3n del Hospital Civil; la red de agua y drenaje se ampli\u00f3 much\u00edsimo, colocando diez y siete mil metros de tubos de barro de veinte hasta sesenta cent\u00edmetros de di\u00e1metro.&nbsp;<\/p>\n\n\n\n<p>\u00abEstaban emplazados -sigue diciendo Guerra- ciento sesenta y cuatro pozos de visita; seiscientos ochenta y dos alba\u00f1ales de casas y cinco sifones\u00bb.<\/p>\n\n\n\n<p>De aquel comienzo como ciudad Torre\u00f3n con arquitectura porfirista quedan muy pocos rastros. Pero a\u00fan hay algunos edificios construidos en 1907 que sobreviven al siglo XXI, tales como,&nbsp; la Casa Mud\u00e9jar, la Escuela Benito Ju\u00e1rez, la Casa de don Rafael Aldape, el edificio de la ferreter\u00eda La Suiza y algunas casonas como la ubicada en avenida Ju\u00e1rez y calle Francisco I. Madero.<\/p>\n\n\n\n<div class=\"wp-block-image\"><figure class=\"aligncenter size-large is-resized\"><img fetchpriority=\"high\" decoding=\"async\" src=\"https:\/\/lavereda.com.mx\/wp-content\/uploads\/2021\/09\/que-hacer-en-torreon-coahuila.jpeg\" alt=\"\" class=\"wp-image-2290\" width=\"616\" height=\"405\" srcset=\"https:\/\/lavereda.com.mx\/wp-content\/uploads\/2021\/09\/que-hacer-en-torreon-coahuila.jpeg 1000w, https:\/\/lavereda.com.mx\/wp-content\/uploads\/2021\/09\/que-hacer-en-torreon-coahuila-300x198.jpeg 300w, https:\/\/lavereda.com.mx\/wp-content\/uploads\/2021\/09\/que-hacer-en-torreon-coahuila-768x506.jpeg 768w\" sizes=\"(max-width: 616px) 100vw, 616px\" \/><figcaption>Cristo de las Noas. (Torre\u00f3n, Coahuila)<\/figcaption><\/figure><\/div>\n\n\n\n<p>Sin duda es Torre\u00f3n una gran ciudad, llena de alegr\u00eda, cultura y algunas cosas que la hacen ser \u00fanica y se espera que siga siendo as\u00ed.<\/p>\n\n\n\n<p>Nos faltar\u00edan palabras para describir lo hermosa que es esta ciudad.<\/p>\n\n\n\n<p style=\"font-size:11px\">Fuente: http:\/\/www.torreon.gob.mx\/<\/p>\n","protected":false},"excerpt":{"rendered":"<p>En v\u00edsperas de la celebraci\u00f3n de la independencia de M\u00e9xico y sus 211 a\u00f1os de libertad, Torre\u00f3n cumpli\u00f3 114 a\u00f1os como ciudad este 15 de septiembre. De acuerdo a la &hellip; <a href=\"https:\/\/lavereda.com.mx\/index.php\/2021\/09\/16\/festejamos-a-torreon-por-sus-114-anos-como-ciudad\/\" class=\"more-link\">Leer m\u00e1s<\/a><\/p>\n","protected":false},"author":14,"featured_media":2291,"comment_status":"open","ping_status":"open","sticky":false,"template":"","format":"standard","meta":{"footnotes":""},"categories":[3,18,8],"tags":[],"class_list":["post-2289","post","type-post","status-publish","format-standard","has-post-thumbnail","hentry","category-artes-visuales","category-lomasrelevante","category-sociedad","entry"],"_links":{"self":[{"href":"https:\/\/lavereda.com.mx\/index.php\/wp-json\/wp\/v2\/posts\/2289","targetHints":{"allow":["GET"]}}],"collection":[{"href":"https:\/\/lavereda.com.mx\/index.php\/wp-json\/wp\/v2\/posts"}],"about":[{"href":"https:\/\/lavereda.com.mx\/index.php\/wp-json\/wp\/v2\/types\/post"}],"author":[{"embeddable":true,"href":"https:\/\/lavereda.com.mx\/index.php\/wp-json\/wp\/v2\/users\/14"}],"replies":[{"embeddable":true,"href":"https:\/\/lavereda.com.mx\/index.php\/wp-json\/wp\/v2\/comments?post=2289"}],"version-history":[{"count":2,"href":"https:\/\/lavereda.com.mx\/index.php\/wp-json\/wp\/v2\/posts\/2289\/revisions"}],"predecessor-version":[{"id":2293,"href":"https:\/\/lavereda.com.mx\/index.php\/wp-json\/wp\/v2\/posts\/2289\/revisions\/2293"}],"wp:featuredmedia":[{"embeddable":true,"href":"https:\/\/lavereda.com.mx\/index.php\/wp-json\/wp\/v2\/media\/2291"}],"wp:attachment":[{"href":"https:\/\/lavereda.com.mx\/index.php\/wp-json\/wp\/v2\/media?parent=2289"}],"wp:term":[{"taxonomy":"category","embeddable":true,"href":"https:\/\/lavereda.com.mx\/index.php\/wp-json\/wp\/v2\/categories?post=2289"},{"taxonomy":"post_tag","embeddable":true,"href":"https:\/\/lavereda.com.mx\/index.php\/wp-json\/wp\/v2\/tags?post=2289"}],"curies":[{"name":"wp","href":"https:\/\/api.w.org\/{rel}","templated":true}]}}