{"id":2286,"date":"2021-09-15T22:24:29","date_gmt":"2021-09-15T22:24:29","guid":{"rendered":"http:\/\/lavereda.com.mx\/?p=2286"},"modified":"2021-09-15T22:24:31","modified_gmt":"2021-09-15T22:24:31","slug":"mexico-celebra-el-211-aniversario-de-la-independencia","status":"publish","type":"post","link":"https:\/\/lavereda.com.mx\/index.php\/2021\/09\/15\/mexico-celebra-el-211-aniversario-de-la-independencia\/","title":{"rendered":"M\u00e9xico celebra el 211 aniversario de la Independencia"},"content":{"rendered":"\n<p>Las celebraciones no deben faltar este 2021, ya que fue declarado \u201cA\u00f1o de la Independencia y de la Grandeza de M\u00e9xico\u201d, por ello la Secretar\u00eda de Cultura del Gobierno de M\u00e9xico y sus distintas instituciones se unen para conmemorar el 211 aniversario de la Independencia de M\u00e9xico y los 200 a\u00f1os de su consumaci\u00f3n, ofreciendo a las audiencias una variada oferta cultural y art\u00edstica para disfrutar de manera virtual y presencial.<\/p>\n\n\n\n<p>Siguiendo los protocolos y medidas sanitarias para prevenir contagios por la COVID-19, y aprovechando los espacios al aire libre, el Complejo Cultural Los Pinos se une a los festejos con diversas actividades presenciales para toda la familia. El d\u00eda 15 de septiembre, en el Helipuerto, a partir de las 11:00 horas se podr\u00e1 visitar el Mercado de productores del suelo de conservaci\u00f3n; a las 13:00 horas, inician las presentaciones art\u00edsticas con el Mariachi Real Santa Cecilia; le sigue Guillermo Vel\u00e1zquez y los Leones de la sierra de Xich\u00fa; una fiesta mexicana con magia, malabares y circo, y la jornada finaliza con una presentaci\u00f3n de danza.<\/p>\n\n\n\n<p>Mientras que el 16 de septiembre, la m\u00fasica inicia a las 13:00 horas, tambi\u00e9n en el Helipuerto, con Los Pur\u00e9pechas de Charapan, les sigue Norteados Band; Irma Infante, con el Mariachi Real Santa Cecilia; Regina Orozco y el Ballet Folkl\u00f3rico de M\u00e9xico de Amalia Hern\u00e1ndez. Para m\u00e1s detalles y horarios, se puede consultar la p\u00e1gina de Facebook:<a href=\"https:\/\/www.facebook.com\/LosPinos.Cultura\">\/LosPinos.Cultura<\/a>.<\/p>\n\n\n\n<p>Para disfrutar desde casa hay una programaci\u00f3n especial.<\/p>\n\n\n\n<p>Como parte de \u201cContigo en la distancia\u201d, Canal 22 ofrece durante todo septiembre una programaci\u00f3n especial, como <em>Voces de otra \u00e9poca. La Consumaci\u00f3n<\/em>, programa que se transmitir\u00e1 los domingos del mes, a las 20:30 y 22:00 horas.<\/p>\n\n\n\n<p>El 15 de septiembre, el canal cultural de M\u00e9xico se suma a la transmisi\u00f3n especial del Sistema P\u00fablico de Radiodifusi\u00f3n del Estado Mexicano (SPR), la cual iniciar\u00e1 a las 22:00 horas para continuar con enlace en vivo a las 22:45 horas, en cadena nacional, de la Ceremonia con motivo del 211 Aniversario del Inicio de la Independencia de M\u00e9xico.<\/p>\n\n\n\n<p>Al d\u00eda siguiente, el 16 de septiembre, se transmitir\u00e1 en vivo el Desfile conmemorativo de la Independencia de M\u00e9xico a partir de las 11:30 horas. Los especiales siguen, por lo que el 27 de septiembre se estrena el documental <em>Los Guadalupes<\/em>, <em>una sociedad secreta en la Independencia<\/em>, de la directora Busi Cort\u00e9s, en el que se analiza la participaci\u00f3n del grupo que apoy\u00f3 la guerra independentista, conocido como Los Guadalupes, en homenaje a la virgen. La agrupaci\u00f3n, vigente de 1811 a 1814, tuvo en sus filas a personajes como Jos\u00e9 Mar\u00eda Luis Mora, Carlos Mar\u00eda de Bustamante, Ignacio L\u00f3pez Ray\u00f3n, Andr\u00e9s Quintana Roo y Leona Vicario.<\/p>\n\n\n\n<p>Adem\u00e1s, en su programaci\u00f3n diaria, se emiten diversas c\u00e1psulas especiales como: <em>\u00a1Viva M\u00e9xico! con la OSX!<\/em>, y <em>Huapango de Moncayo por la OSX<\/em>, protagonizadas por la Orquesta Sinf\u00f3nica de Xalapa; <em>El lado B de la historia. El grito y sus mitos<\/em>, una producci\u00f3n de TVUNAM, as\u00ed como <em>Miguel Hidalgo y Costilla. Padre de la patria<\/em>. Para conocer m\u00e1s sobre la programaci\u00f3n de Canal 22 dedicada al mes patrio, se puede consultar el sitio web <a href=\"http:\/\/www.canal22.org.mx\">www.canal22.org.mx<\/a> o visitar su perfil en Facebook en <a href=\"http:\/\/www.facebook.com\/Canal22Mexico\">\/Canal22Mexico<\/a> y Twitter en @Canal22.<\/p>\n\n\n\n<p>En tanto, el Instituto Nacional de Bellas Artes y Literatura (INBAL) ha preparado un extenso calendario de actividades virtuales que se ofrecer\u00e1n a trav\u00e9s de redes sociales, iniciando el 15 de septiembre a las 12:00 horas con la transmisi\u00f3n de la c\u00e1psula <em>Te platico una obra: Alegor\u00eda de la Independencia de M\u00e9xico<\/em>, en la cual Arturo P\u00e9rez, del \u00e1rea Munal+Educa, acercar\u00e1 al p\u00fablico a la simbolog\u00eda y composici\u00f3n tem\u00e1tica de esta pieza pict\u00f3rica del acervo del Museo Nacional de Arte, a trav\u00e9s de su p\u00e1gina de Facebook <a href=\"http:\/\/www.facebook.com\/munal.inba\">\/munal.inba<\/a><\/p>\n\n\n\n<p>M\u00e1s tarde, a las 17:00 horas, como parte del Festival de Poes\u00eda y Po\u00e9tica 2021, la Coordinaci\u00f3n Nacional de Literatura presentar\u00e1 en Facebook (<a href=\"http:\/\/www.facebook.com\/coordinacion.literatura.mx\">\/coordinacion.literatura.mx<\/a> ) y Twitter (@literaturainba), un videopoema con animaci\u00f3n de <em>La suave patria<\/em>, obra del escritor zacatecano Ram\u00f3n L\u00f3pez Velarde, en voz del poeta Roberto L\u00f3pez Moreno.<\/p>\n\n\n\n<p>Por su parte, Radio Educaci\u00f3n brindar\u00e1 a las audiencias una programaci\u00f3n durante septiembre que se transmitir\u00e1 en sus se\u00f1ales de Ciudad de M\u00e9xico, a trav\u00e9s del 1060 AM y 96.5 FM; en la Se\u00f1al Kukulk\u00e1n de M\u00e9rida, Yucat\u00e1n, en el 107.9 FM, y por <a href=\"http:\/\/www.radioeducacion.edu.mx\">www.radioeducacion.edu.mx<\/a>. Por ejemplo, desde el 13 y hasta el 17 de septiembre a las 21:30 horas, se puede escuchar la retransmisi\u00f3n de la radionovela <em>Vientos de Libertad, <\/em>una adaptaci\u00f3n radiof\u00f3nica de la obra del dramaturgo mexicano Willebaldo L\u00f3pez, que rinde homenaje a las personas que contribuyeron a alcanzar la independencia de M\u00e9xico.<\/p>\n\n\n\n<p>Por su parte, la Fonoteca Nacional estrenar\u00e1 en su perfil de YouTube el Jard\u00edn Sonoro -espacio en l\u00ednea para disfrutar una selecci\u00f3n de documentos sonoros- a la m\u00fasica de mariachi, con la transmisi\u00f3n el 16 de septiembre, de<em>\u00a1Achis, achis!&#8230; Los primeros mariachis.<\/em><\/p>\n\n\n\n<p>A su vez, el Instituto Nacional de Estudios Hist\u00f3ricos de las Revoluciones de M\u00e9xico (INEHRM), con motivo de la conmemoraci\u00f3n del inicio y consumaci\u00f3n de la Independencia de M\u00e9xico, ofrece un amplio programa de cursos, conferencias, presentaciones de libros y foros durante el mes patrio. Entre ellos, el pr\u00f3ximo lunes 20 de septiembre, a las 11:00 horas, se llevar\u00e1 a cabo la conferencia: \u201cLa Independencia de nuestro pa\u00eds \u00bfQu\u00e9 sucedi\u00f3? \u00bfQui\u00e9nes participaron y por qu\u00e9?\u201d, a cargo del especialista David Guerrero.<\/p>\n\n\n\n<p>Adem\u00e1s de <em>1921: La revoluci\u00f3n y el Centenario de la Independencia<\/em>, un foro que se realiza en colaboraci\u00f3n del Archivo Hist\u00f3rico de la Ciudad de M\u00e9xico y el Museo Nacional de la Revoluci\u00f3n, y que ser\u00e1 transmitido el 22 de septiembre a las 17:00 horas a trav\u00e9s del Facebook del Instituto en <a href=\"https:\/\/www.facebook.com\/inehrm.fanpage\">\/inehrm.fanpage<\/a><\/p>\n\n\n\n<p>En tanto que, el lunes 27 de septiembre, a las 17:00 horas, se presenta la conferencia: \u201cA 200 a\u00f1os de la Consumaci\u00f3n de la Independencia\u201d, con la participaci\u00f3n de las y los especialistas Rodrigo Moreno, Andrea Rodr\u00edguez y John Tutino, y la moderaci\u00f3n de Regina Tapia.La oferta completa del INEHRM se puede consultar en su sitio www.inehrm.gob.mx y sus redes sociales: en Twitter @INEHRM, en Facebook inehrm.fanpage y Canal INEHRM de YouTube. Para conocer las dem\u00e1s actividades organizadas en el marco de esta conmemoraci\u00f3n, se pueden visitar las plataformas <a href=\"http:\/\/mexicoescultura.com.mx\/\">mexicoescultura.com.mx<\/a>, <a href=\"https:\/\/contigoenladistancia.cultura.gob.mx\/\">contigoenladistancia.cultura.gob.mx<\/a> o las redes sociales y p\u00e1ginas <em>web<\/em> de cada instituci\u00f3n.&nbsp;&nbsp;<\/p>\n","protected":false},"excerpt":{"rendered":"<p>Las celebraciones no deben faltar este 2021, ya que fue declarado \u201cA\u00f1o de la Independencia y de la Grandeza de M\u00e9xico\u201d, por ello la Secretar\u00eda de Cultura del Gobierno de &hellip; <a href=\"https:\/\/lavereda.com.mx\/index.php\/2021\/09\/15\/mexico-celebra-el-211-aniversario-de-la-independencia\/\" class=\"more-link\">Leer m\u00e1s<\/a><\/p>\n","protected":false},"author":1,"featured_media":2287,"comment_status":"open","ping_status":"open","sticky":false,"template":"","format":"standard","meta":{"footnotes":""},"categories":[3,7,18],"tags":[],"class_list":["post-2286","post","type-post","status-publish","format-standard","has-post-thumbnail","hentry","category-artes-visuales","category-entretenimiento","category-lomasrelevante","entry"],"_links":{"self":[{"href":"https:\/\/lavereda.com.mx\/index.php\/wp-json\/wp\/v2\/posts\/2286","targetHints":{"allow":["GET"]}}],"collection":[{"href":"https:\/\/lavereda.com.mx\/index.php\/wp-json\/wp\/v2\/posts"}],"about":[{"href":"https:\/\/lavereda.com.mx\/index.php\/wp-json\/wp\/v2\/types\/post"}],"author":[{"embeddable":true,"href":"https:\/\/lavereda.com.mx\/index.php\/wp-json\/wp\/v2\/users\/1"}],"replies":[{"embeddable":true,"href":"https:\/\/lavereda.com.mx\/index.php\/wp-json\/wp\/v2\/comments?post=2286"}],"version-history":[{"count":1,"href":"https:\/\/lavereda.com.mx\/index.php\/wp-json\/wp\/v2\/posts\/2286\/revisions"}],"predecessor-version":[{"id":2288,"href":"https:\/\/lavereda.com.mx\/index.php\/wp-json\/wp\/v2\/posts\/2286\/revisions\/2288"}],"wp:featuredmedia":[{"embeddable":true,"href":"https:\/\/lavereda.com.mx\/index.php\/wp-json\/wp\/v2\/media\/2287"}],"wp:attachment":[{"href":"https:\/\/lavereda.com.mx\/index.php\/wp-json\/wp\/v2\/media?parent=2286"}],"wp:term":[{"taxonomy":"category","embeddable":true,"href":"https:\/\/lavereda.com.mx\/index.php\/wp-json\/wp\/v2\/categories?post=2286"},{"taxonomy":"post_tag","embeddable":true,"href":"https:\/\/lavereda.com.mx\/index.php\/wp-json\/wp\/v2\/tags?post=2286"}],"curies":[{"name":"wp","href":"https:\/\/api.w.org\/{rel}","templated":true}]}}