{"id":2281,"date":"2021-09-15T00:33:10","date_gmt":"2021-09-15T00:33:10","guid":{"rendered":"http:\/\/lavereda.com.mx\/?p=2281"},"modified":"2021-09-15T00:33:13","modified_gmt":"2021-09-15T00:33:13","slug":"todo-preparado-para-la-iv-bienal-mario-vargas-llosa-en-guadalajara","status":"publish","type":"post","link":"https:\/\/lavereda.com.mx\/index.php\/2021\/09\/15\/todo-preparado-para-la-iv-bienal-mario-vargas-llosa-en-guadalajara\/","title":{"rendered":"Todo preparado para la IV Bienal Mario Vargas Llosa en Guadalajara"},"content":{"rendered":"\n<p>El encuentro se realizar\u00e1 del 23 al 26 de septiembre en el Conjunto Santander de Artes Esc\u00e9nicas y en el Paraninfo de la Universidad de Guadalajara, con participaci\u00f3n de 31 autores de Iberoam\u00e9rica y la presencia de Mario Vargas Llosa<\/p>\n\n\n\n<p>El encuentro es organizado por la C\u00e1tedra Vargas Llosa, la Universidad de Guadalajara, la Fundaci\u00f3n Internacional para la Libertad y la Fundaci\u00f3n Universidad de Guadalajara, con el apoyo de la Feria Internacional del Libro de Guadalajara, y contar\u00e1 con mesas de di\u00e1logo, as\u00ed como el fallo y entrega del IV Premio de Novela Mario Vargas Llosa.<\/p>\n\n\n\n<p>El arranque de Bienal \u2014la segunda que tiene lugar en la capital tapat\u00eda se realizar\u00e1 en la Sala 2 del Conjunto Santander, adem\u00e1s se llevar\u00e1 a cabo una conversaci\u00f3n con los finalistas del Premio: Selva Almada (Argentina), Rosa Montero (Espa\u00f1a), Carmen Boullosa (M\u00e9xico), Alejandro Zambra (Chile) y Juan Gabriel V\u00e1squez (Colombia), moderada por la escritora y periodista Patricia del R\u00edo (Per\u00fa).<\/p>\n\n\n\n<blockquote class=\"wp-block-quote is-layout-flow wp-block-quote-is-layout-flow\"><p>\u201cNos entusiasma mucho arrancar esta IV edici\u00f3n en Guadalajara, que ha acogido por todo lo alto la Bienal Vargas Llosa, y que hemos podido sacar adelante, en medio de las dificultades de la pandemia, gracias al valioso apoyo de la Universidad de Guadalajara y sus equipos de trabajo\u201d,<\/p><p><\/p><cite>Explica Ra\u00fal Tola, escritor y periodista peruano, quien dirige la C\u00e1tedra Vargas Llosa.<\/cite><\/blockquote>\n\n\n\n<p>El Paraninfo Enrique D\u00edaz de Le\u00f3n de la Universidad de Guadalajara ser\u00e1 el recinto donde se realizar\u00e1 la clausura de este encuentro, que contar\u00e1 con la charla entre la periodista argentina Leila Guerriero, la escritora mexicana Rosa Beltr\u00e1n y el premio Nobel de Literatura Mario Vargas Llosa. Al finalizar esta conversaci\u00f3n, el autor de&nbsp;<em>Conversaci\u00f3n en La Catedral&nbsp;<\/em>participar\u00e1 en el fallo y la entrega del IV Premio de Novela Mario Vargas Llosa.<\/p>\n\n\n\n<p>Los t\u00edtulos de las obras finalistas del Premio son:&nbsp;<em>Volver la vista atr\u00e1s<\/em>&nbsp;(Alfaguara, 2021) de Juan Gabriel V\u00e1squez;&nbsp;<em>No es un r\u00edo&nbsp;<\/em>(Random House, 2020) de Selva Almada,&nbsp;<em>Poeta chileno&nbsp;<\/em>(Anagrama, 2020) de Alejandro Zambra;&nbsp;<em>La buena suerte&nbsp;<\/em>(Alfaguara, 2020) de Rosa Montero, y&nbsp;<em>El libro de Eva&nbsp;<\/em>(Alfaguara, 2020) de Carmen Boullosa. A este IV Premio Bienal Vargas Llosa se inscribieron 412 obras, procedentes de todos los pa\u00edses de habla hispana. La primera edici\u00f3n del certamen recay\u00f3 en&nbsp;<em>Prohibido entrar sin pantalones<\/em>&nbsp;(Seix Barral), del espa\u00f1ol Juan Bonilla; la segunda edici\u00f3n en la obra&nbsp;<em>Si te vieras con mis ojos<\/em>&nbsp;(Alfaguara), del chileno Carlos Franz, y la tercera edici\u00f3n fue para&nbsp;<em>The Night<\/em>&nbsp;(Alfaguara), del venezolano Rodrigo Blanco Calder\u00f3n.<\/p>\n\n\n\n<p>Todas las actividades, excepto la obra&nbsp;<em>Al pie del T\u00e1mesis<\/em>&nbsp;(boletos en&nbsp;<a href=\"http:\/\/www.conjuntosantander.com\/\" target=\"_blank\" rel=\"noreferrer noopener\">www.conjuntosantander.com<\/a>) son de ingreso libre y con aforo limitado. Las mesas de di\u00e1logo se transmitir\u00e1n en vivo a trav\u00e9s de Canal 44 de la Universidad de Guadalajara y, por&nbsp;<em>streaming<\/em>, en las p\u00e1ginas de Facebook de la UDG, la IV Bienal de Novela Mario Vargas Llosa y la Feria Internacional del Libro de Guadalajara.<\/p>\n\n\n\n<p>Te compartimos parte del Programa<\/p>\n\n\n\n<p>Jueves 23 de septiembre 17:00 horas. Ceremonia de inauguraci\u00f3n se presentar\u00e1 Palabras de bienvenida del doctor Ricardo Villanueva Lomel\u00ed, y mensaje de Mario Vargas Llosa<\/p>\n\n\n\n<p>Sala 2. Conjunto Santander de Artes Esc\u00e9nicas Centro Cultural Universitario de la Universidad de Guadalajara<\/p>\n\n\n\n<p>Primera mesa: 17:30 horas. Finalistas del Premio de Novela de la IV Bienal Mario Vargas Llosa<\/p>\n\n\n\n<p>Participan: Juan Gabriel V\u00e1squez, Selva Almada, Alejandro Zambra, Rosa Montero y Carmen Boullosa. Modera: Patricia del R\u00edo<\/p>\n\n\n\n<p>Sala 2. Conjunto Santander de Artes Esc\u00e9nicas del Centro Cultural Universitario de la Universidad de Guadalajara<\/p>\n\n\n\n<p>Viernes 24 de septiembre<\/p>\n\n\n\n<p>Segunda mesa 10:00 horas. Esperar lo inesperado. La pandemia y los riesgos de la libertad<\/p>\n\n\n\n<p>Participan: Alberto Ruy S\u00e1nchez, Rosa Montero, Rodrigo Blanco y Karina Sainz Borgo<\/p>\n\n\n\n<p>Sala 2. Conjunto Santander de Artes Esc\u00e9nicas UDG<\/p>\n\n\n\n<p>Tercera mesa 12:00 horas. El papel de la literatura en la defensa de la libertad<\/p>\n\n\n\n<p>Participan: Carmen Villoro, Olga Merino, Selva Almada, Carlos Franz y Pedro Llosa<\/p>\n\n\n\n<p>Sala 2. Conjunto Santander de Artes Esc\u00e9nicas UDG<\/p>\n\n\n\n<p>Cuarta mesa 17:30 horas. Libres a pesar de todo: literatura y confinamiento<\/p>\n\n\n\n<p>Participan: Ana Garc\u00eda Bergua, Juan Gabriel V\u00e1squez, Santiago Roncagliolo y Gabriela Cabez\u00f3n C\u00e1mara<\/p>\n\n\n\n<p>Sala 2. Conjunto Santander de Artes Esc\u00e9nicas UDG<\/p>\n","protected":false},"excerpt":{"rendered":"<p>El encuentro se realizar\u00e1 del 23 al 26 de septiembre en el Conjunto Santander de Artes Esc\u00e9nicas y en el Paraninfo de la Universidad de Guadalajara, con participaci\u00f3n de 31 &hellip; <a href=\"https:\/\/lavereda.com.mx\/index.php\/2021\/09\/15\/todo-preparado-para-la-iv-bienal-mario-vargas-llosa-en-guadalajara\/\" class=\"more-link\">Leer m\u00e1s<\/a><\/p>\n","protected":false},"author":1,"featured_media":2283,"comment_status":"open","ping_status":"open","sticky":false,"template":"","format":"standard","meta":{"footnotes":""},"categories":[5,18,8],"tags":[],"class_list":["post-2281","post","type-post","status-publish","format-standard","has-post-thumbnail","hentry","category-letras-y-libros","category-lomasrelevante","category-sociedad","entry"],"_links":{"self":[{"href":"https:\/\/lavereda.com.mx\/index.php\/wp-json\/wp\/v2\/posts\/2281","targetHints":{"allow":["GET"]}}],"collection":[{"href":"https:\/\/lavereda.com.mx\/index.php\/wp-json\/wp\/v2\/posts"}],"about":[{"href":"https:\/\/lavereda.com.mx\/index.php\/wp-json\/wp\/v2\/types\/post"}],"author":[{"embeddable":true,"href":"https:\/\/lavereda.com.mx\/index.php\/wp-json\/wp\/v2\/users\/1"}],"replies":[{"embeddable":true,"href":"https:\/\/lavereda.com.mx\/index.php\/wp-json\/wp\/v2\/comments?post=2281"}],"version-history":[{"count":1,"href":"https:\/\/lavereda.com.mx\/index.php\/wp-json\/wp\/v2\/posts\/2281\/revisions"}],"predecessor-version":[{"id":2284,"href":"https:\/\/lavereda.com.mx\/index.php\/wp-json\/wp\/v2\/posts\/2281\/revisions\/2284"}],"wp:featuredmedia":[{"embeddable":true,"href":"https:\/\/lavereda.com.mx\/index.php\/wp-json\/wp\/v2\/media\/2283"}],"wp:attachment":[{"href":"https:\/\/lavereda.com.mx\/index.php\/wp-json\/wp\/v2\/media?parent=2281"}],"wp:term":[{"taxonomy":"category","embeddable":true,"href":"https:\/\/lavereda.com.mx\/index.php\/wp-json\/wp\/v2\/categories?post=2281"},{"taxonomy":"post_tag","embeddable":true,"href":"https:\/\/lavereda.com.mx\/index.php\/wp-json\/wp\/v2\/tags?post=2281"}],"curies":[{"name":"wp","href":"https:\/\/api.w.org\/{rel}","templated":true}]}}