{"id":2245,"date":"2021-09-08T15:36:51","date_gmt":"2021-09-08T15:36:51","guid":{"rendered":"http:\/\/lavereda.com.mx\/?p=2245"},"modified":"2021-09-08T15:47:33","modified_gmt":"2021-09-08T15:47:33","slug":"se-premia-a-los-ganadores-de-la-convocatoria-proyecto-cinematograficos-en-corto","status":"publish","type":"post","link":"https:\/\/lavereda.com.mx\/index.php\/2021\/09\/08\/se-premia-a-los-ganadores-de-la-convocatoria-proyecto-cinematograficos-en-corto\/","title":{"rendered":"Se premia a los ganadores de la convocatoria \u201cproyecto cinematogr\u00e1ficos en corto\u201d"},"content":{"rendered":"\n<p>Coahuila cuenta con personas que son&nbsp; muy creativas en artes visuales y hoy en d\u00eda podemos ver a los ganadores que participaron en la convocatoria de cortometrajes, por ello la Secretar\u00eda de Cultura de Coahuila realiz\u00f3 la premiaci\u00f3n de los ganadores de la convocatoria \u201cProyecto Cinematogr\u00e1ficos en Corto\u201d, donde adem\u00e1s se hizo la entrega de las constancias correspondientes.<\/p>\n\n\n\n<p>La Secretaria de Cultura del Estado, Ana Sof\u00eda Garc\u00eda Camil, se\u00f1al\u00f3 que esto se realiz\u00f3 gracias al apoyo de la Directora General de IMCINE, Mar\u00eda Novaro; la Directora General de Estudios Churubusco, Lorenza Manrique, el respaldo institucional de Estudios Churubusco, la Secretar\u00eda de Cultura Federal y el Gobierno de Coahuila.<\/p>\n\n\n\n<p>Al respecto se dijo:<\/p>\n\n\n\n<blockquote class=\"wp-block-quote is-layout-flow wp-block-quote-is-layout-flow\"><p>\u201cGracias a todos ellos, a su decidido respaldo, es como ha sido posible financiar el desarrollo de proyectos cinematogr\u00e1ficos en formato de cortometraje\u201d.<\/p><\/blockquote>\n\n\n\n<p>A\u00f1adi\u00f3<\/p>\n\n\n\n<blockquote class=\"wp-block-quote is-layout-flow wp-block-quote-is-layout-flow\"><p>\u201cGracias tambi\u00e9n al respaldo de nuestro gobernador Miguel \u00c1ngel Riquelme Sol\u00eds, que hasta el d\u00eda de hoy estamos invirtiendo recursos por la cantidad de 400 mil pesos, m\u00e1s el equivalente en los servicios de posproducci\u00f3n, que asciende a una cantidad cercana a los 500 mil pesos en especie\u201d.<\/p><\/blockquote>\n\n\n\n<p>De tal manera que en las instalaciones del Museo Arocena recibieron su constancia de ganador:<\/p>\n\n\n\n<p>Para la Categor\u00eda de Creador con Trayectoria G\u00e9nero Ficci\u00f3n, Jos\u00e9 Luis Hern\u00e1ndez Rivera, con el corto \u201cAc\u00e1 el tiempo pasa m\u00e1s r\u00e1pido\u201d (150 mil pesos en efectivo y 250 mil en posproducci\u00f3n en Estudios Churubusco).<\/p>\n\n\n\n<p>Para la Categor\u00eda de Creador con Trayectoria G\u00e9nero Documental, N\u00e9stor S\u00e1enz Campos, con la obra \u201cTribu\u201d (100 mil pesos en efectivo y 250 mil pesos en posproducci\u00f3n en los Estudios Churubusco).<\/p>\n\n\n\n<p>Mientras que en la Categor\u00eda Talento Emergente result\u00f3 ganadora Ana Luisa Arizpe Hern\u00e1ndez, con la pieza \u201cLa Falda\u201d (80 mil pesos en efectivo).<\/p>\n\n\n\n<p>El programa tiene el objetivo de estimular la creaci\u00f3n cinematogr\u00e1fica entre la comunidad art\u00edstica coahuilense, adem\u00e1s de contribuir en la capacitaci\u00f3n especializada, la difusi\u00f3n de su trabajo y la exhibici\u00f3n de proyectos cinematogr\u00e1ficos terminados.<\/p>\n\n\n\n<p><\/p>\n\n\n\n<div class=\"wp-block-image\"><figure class=\"aligncenter size-large is-resized\"><img fetchpriority=\"high\" decoding=\"async\" src=\"https:\/\/lavereda.com.mx\/wp-content\/uploads\/2021\/09\/004-CULTURA-COAHUILA-PREMIA-A-LOS-GANADORES-DE-LA_CONVOCATORIA-1024x684.jpg\" alt=\"\" class=\"wp-image-2247\" width=\"428\" height=\"286\"\/><\/figure><\/div>\n\n\n\n<p>En el evento se destac\u00f3 que durante 2021 se llevaron a cabo seis talleres virtuales de capacitaci\u00f3n de enero a marzo, con docentes especializados del CCC y del IMCINE.<\/p>\n\n\n\n<p>Para finalizar, los asistentes pudieron disfrutar de la proyecci\u00f3n de una selecci\u00f3n especial de la Muestra de Cine Coahuila.<\/p>\n","protected":false},"excerpt":{"rendered":"<p>Coahuila cuenta con personas que son&nbsp; muy creativas en artes visuales y hoy en d\u00eda podemos ver a los ganadores que participaron en la convocatoria de cortometrajes, por ello la &hellip; <a href=\"https:\/\/lavereda.com.mx\/index.php\/2021\/09\/08\/se-premia-a-los-ganadores-de-la-convocatoria-proyecto-cinematograficos-en-corto\/\" class=\"more-link\">Leer m\u00e1s<\/a><\/p>\n","protected":false},"author":1,"featured_media":2248,"comment_status":"open","ping_status":"open","sticky":false,"template":"","format":"standard","meta":{"footnotes":""},"categories":[3,7,18],"tags":[],"class_list":["post-2245","post","type-post","status-publish","format-standard","has-post-thumbnail","hentry","category-artes-visuales","category-entretenimiento","category-lomasrelevante","entry"],"_links":{"self":[{"href":"https:\/\/lavereda.com.mx\/index.php\/wp-json\/wp\/v2\/posts\/2245","targetHints":{"allow":["GET"]}}],"collection":[{"href":"https:\/\/lavereda.com.mx\/index.php\/wp-json\/wp\/v2\/posts"}],"about":[{"href":"https:\/\/lavereda.com.mx\/index.php\/wp-json\/wp\/v2\/types\/post"}],"author":[{"embeddable":true,"href":"https:\/\/lavereda.com.mx\/index.php\/wp-json\/wp\/v2\/users\/1"}],"replies":[{"embeddable":true,"href":"https:\/\/lavereda.com.mx\/index.php\/wp-json\/wp\/v2\/comments?post=2245"}],"version-history":[{"count":3,"href":"https:\/\/lavereda.com.mx\/index.php\/wp-json\/wp\/v2\/posts\/2245\/revisions"}],"predecessor-version":[{"id":2252,"href":"https:\/\/lavereda.com.mx\/index.php\/wp-json\/wp\/v2\/posts\/2245\/revisions\/2252"}],"wp:featuredmedia":[{"embeddable":true,"href":"https:\/\/lavereda.com.mx\/index.php\/wp-json\/wp\/v2\/media\/2248"}],"wp:attachment":[{"href":"https:\/\/lavereda.com.mx\/index.php\/wp-json\/wp\/v2\/media?parent=2245"}],"wp:term":[{"taxonomy":"category","embeddable":true,"href":"https:\/\/lavereda.com.mx\/index.php\/wp-json\/wp\/v2\/categories?post=2245"},{"taxonomy":"post_tag","embeddable":true,"href":"https:\/\/lavereda.com.mx\/index.php\/wp-json\/wp\/v2\/tags?post=2245"}],"curies":[{"name":"wp","href":"https:\/\/api.w.org\/{rel}","templated":true}]}}