{"id":2228,"date":"2021-09-06T22:11:41","date_gmt":"2021-09-06T22:11:41","guid":{"rendered":"http:\/\/lavereda.com.mx\/?p=2228"},"modified":"2021-09-06T22:18:15","modified_gmt":"2021-09-06T22:18:15","slug":"camerata-de-coahuila-nuevamente-cautivara-a-su-publico-con-dos-presentaciones-en-compania-de-ismael-estevane-rascon","status":"publish","type":"post","link":"https:\/\/lavereda.com.mx\/index.php\/2021\/09\/06\/camerata-de-coahuila-nuevamente-cautivara-a-su-publico-con-dos-presentaciones-en-compania-de-ismael-estevane-rascon\/","title":{"rendered":"La Camerata ofrecer\u00e1 dos conciertos con el solista Ismael Estevan\u00e9"},"content":{"rendered":"\n<p>Continua la temporada en formato presencial de la Camerata de Cohuila, esta vez ofrecer\u00e1 dos presentaciones, gracias a la respuesta del p\u00fablico, y se llevar\u00e1n a cabo los d\u00edas 09 y 10 de septiembre, en el Teatro Isauro Mart\u00ednez, en punto de las 20:30 horas.<\/p>\n\n\n\n<p>La entrega de boletos para los conciertos inici\u00f3 este lunes 06 de septiembre, en oficinas del teatro, y estar\u00e1n disponibles hasta agotar existencia.<\/p>\n\n\n\n<p>Camerata de Coahuila alista segundo concierto con la obra musical m\u00e1s tocada en el mundo y la m\u00e1s conocida del compositor italiano Antonio Vivaldi <strong>\u201cLas Cuatro Estaciones\u201d.<\/strong><\/p>\n\n\n\n<p>Las Cuatro Estaciones Opus 8 1-4 es un conjunto de cuatro conciertos para viol\u00edn, compuesto en 1723. Tiene la forma del concierto para viol\u00edn, lo que significa que un viol\u00edn toca, acompa\u00f1ado por una orquesta de c\u00e1mara. El contenido de cada concierto es variado y evoca cada una de las estaciones: la primavera, el verano, el oto\u00f1o y el invierno.<\/p>\n\n\n\n<p>Los conciertos de las cuatro estaciones fueron publicados por primera vez en 1725 como parte de un conjunto de 12 conciertos, el Opus N.8 bajo el tema de \u201cla lucha entre la armon\u00eda y la invenci\u00f3n\u201d. Los cuatro primeros conciertos se llamaban las cuatro estaciones. Cada concierto se compone de tres movimientos con la estructura r\u00e1pido, lento, r\u00e1pido. Inusual para la \u00e9poca, Vivaldi public\u00f3 los conciertos con unos poemas de acompa\u00f1amiento (posiblemente escritos por el propio Vivaldi) que describ\u00edan qu\u00e9 quer\u00eda representar con relaci\u00f3n a cada una de las estaciones.<\/p>\n\n\n\n<p>Se espera que este 09 y 10 de septiembre la Camerata de Coahuila sorprenda a su audiencia despu\u00e9s de 3 a\u00f1os de la \u00faltima vez, con las Cuatro Estaciones de Antonio Vivaldi, una obra que coincidentemente ha sido interpretada siempre por el concertino de la orquesta, y esta ocasi\u00f3n no ser\u00e1 la excepci\u00f3n, ya que estar\u00e1 como solista el maestro Ismael Estevan\u00e9 Rasc\u00f3n.<\/p>\n\n\n\n<p>Rasc\u00f3n es originario de la ciudad de Chihuahua. A lo largo de su carrera ha ocupado el puesto de concertino en orquestas como la \u201cConsortium Musicum\u201d, la Orquesta \u201cSonorus\u201d y la Orquesta del Conservatorio de las Rosas.<\/p>\n\n\n\n<p>Los conciertos ser\u00e1n completamente gratuitos, el acceso al p\u00fablico ser\u00e1 a partir de los 12 a\u00f1os, con un aforo limitado a 380 personas por presentaci\u00f3n, equivalente al 50% de la capacidad total teatro. La entrega de boletos es en oficinas del Teatro Isauro Mart\u00ednez (Entrada principal por calle Galeana), en un horario de 10:00 a 14:00 horas, hasta agotar existencia.<\/p>\n\n\n\n<p>Se seguir\u00e1n manteniendo en todo momento los protocolos establecidos por las autoridades de salud, con el fin de ofrecer un entorno seguro a todos los amantes de la m\u00fasica.<\/p>\n","protected":false},"excerpt":{"rendered":"<p>Continua la temporada en formato presencial de la Camerata de Cohuila, esta vez ofrecer\u00e1 dos presentaciones, gracias a la respuesta del p\u00fablico, y se llevar\u00e1n a cabo los d\u00edas 09 &hellip; <a href=\"https:\/\/lavereda.com.mx\/index.php\/2021\/09\/06\/camerata-de-coahuila-nuevamente-cautivara-a-su-publico-con-dos-presentaciones-en-compania-de-ismael-estevane-rascon\/\" class=\"more-link\">Leer m\u00e1s<\/a><\/p>\n","protected":false},"author":1,"featured_media":2229,"comment_status":"open","ping_status":"open","sticky":false,"template":"","format":"standard","meta":{"footnotes":""},"categories":[7,18,4],"tags":[],"class_list":["post-2228","post","type-post","status-publish","format-standard","has-post-thumbnail","hentry","category-entretenimiento","category-lomasrelevante","category-musica","entry"],"_links":{"self":[{"href":"https:\/\/lavereda.com.mx\/index.php\/wp-json\/wp\/v2\/posts\/2228","targetHints":{"allow":["GET"]}}],"collection":[{"href":"https:\/\/lavereda.com.mx\/index.php\/wp-json\/wp\/v2\/posts"}],"about":[{"href":"https:\/\/lavereda.com.mx\/index.php\/wp-json\/wp\/v2\/types\/post"}],"author":[{"embeddable":true,"href":"https:\/\/lavereda.com.mx\/index.php\/wp-json\/wp\/v2\/users\/1"}],"replies":[{"embeddable":true,"href":"https:\/\/lavereda.com.mx\/index.php\/wp-json\/wp\/v2\/comments?post=2228"}],"version-history":[{"count":2,"href":"https:\/\/lavereda.com.mx\/index.php\/wp-json\/wp\/v2\/posts\/2228\/revisions"}],"predecessor-version":[{"id":2232,"href":"https:\/\/lavereda.com.mx\/index.php\/wp-json\/wp\/v2\/posts\/2228\/revisions\/2232"}],"wp:featuredmedia":[{"embeddable":true,"href":"https:\/\/lavereda.com.mx\/index.php\/wp-json\/wp\/v2\/media\/2229"}],"wp:attachment":[{"href":"https:\/\/lavereda.com.mx\/index.php\/wp-json\/wp\/v2\/media?parent=2228"}],"wp:term":[{"taxonomy":"category","embeddable":true,"href":"https:\/\/lavereda.com.mx\/index.php\/wp-json\/wp\/v2\/categories?post=2228"},{"taxonomy":"post_tag","embeddable":true,"href":"https:\/\/lavereda.com.mx\/index.php\/wp-json\/wp\/v2\/tags?post=2228"}],"curies":[{"name":"wp","href":"https:\/\/api.w.org\/{rel}","templated":true}]}}