{"id":2221,"date":"2021-09-04T00:37:13","date_gmt":"2021-09-04T00:37:13","guid":{"rendered":"http:\/\/lavereda.com.mx\/?p=2221"},"modified":"2021-09-04T00:37:15","modified_gmt":"2021-09-04T00:37:15","slug":"la-feria-internacional-del-libro-de-coahuila-esta-de-regreso","status":"publish","type":"post","link":"https:\/\/lavereda.com.mx\/index.php\/2021\/09\/04\/la-feria-internacional-del-libro-de-coahuila-esta-de-regreso\/","title":{"rendered":"La Feria Internacional del libro de Coahuila, est\u00e1 de regreso"},"content":{"rendered":"\n<ul class=\"wp-block-list\"><li><strong><em>Italia y Oaxaca ser\u00e1n el Pa\u00eds y Estado invitados, en conjunto con la Academia Mexicana de la Lengua.<\/em><\/strong><\/li><li><strong><em>La FILC llegar\u00e1 a m\u00e1s de 94 millones de mexicanos, como a toda Iberoam\u00e9rica, por TV abierta y plataformas digitales.<\/em><\/strong><\/li><\/ul>\n\n\n\n<p>Saltillo, Coahuila de Zaragoza.- En un nuevo formato h\u00edbrido y en cumplimiento de todas las medidas de salud necesaria, se encuentra lista la gran fiesta de las letras del norte de M\u00e9xico: la Feria Internacional del Libro Coahuila (FILC) 2020-2021, a efectuarse del 16 al 26 de septiembre en el Campus Arteaga de la Universidad Aut\u00f3noma de Coahuila (UA de C).<\/p>\n\n\n\n<p>En rueda de prensa se inform\u00f3 hoy que  el eje tem\u00e1tico de esta edici\u00f3n es \u201cMujer, literatura y sociedad\u201d, la feria se realizar\u00e1 con todas las medidas para garantizar espacios seguros y con las condiciones adecuadas para reducir al m\u00ednimo el riesgo de contagios por Covid\u201319, y a la vez presentar un programa orientado principalmente a la realizaci\u00f3n de actividades literarias y a la oferta de libros.<\/p>\n\n\n\n<p>La FILC 20-21 llegar\u00e1 a una audiencia de m\u00e1s de 94 millones de mexicanos a trav\u00e9s de La Red de Radiodifusoras y Televisoras Educativas y Culturales de M\u00e9xico, AC. a y toda Iberoam\u00e9rica a trav\u00e9s de la Asociaci\u00f3n de las Televisiones Educativas y Culturales Iberoamericanas (ATEI).<\/p>\n\n\n\n<p>Los invitados de honor de esta edici\u00f3n son: Italia (Pa\u00eds), Oaxaca (Estado) y la Academia Mexicana de la Lengua (Instituci\u00f3n); como contar con el cat\u00e1logo completo por medio de la C\u00e1mara Nacional de la Industria Editorial Mexicana (CANIEM) para la adquisici\u00f3n de todas las obras que se expongan en la FILC 20-21.<\/p>\n\n\n\n<p>Se efectuar\u00e1n de 160 a 170 actividades de presentaciones de libros, conferencias, charlas y mesas de reflexi\u00f3n, as\u00ed como poder atender de 50 a 60 mil visitantes para cumplir con las medidas sanitarias y evitar aglomeraciones, ya que en ediciones pasadas se ten\u00eda hasta m\u00e1s de 200 mil visitantes.<\/p>\n\n\n\n<blockquote class=\"wp-block-quote is-layout-flow wp-block-quote-is-layout-flow\"><p>La titular de la Secretar\u00eda de Cultura (SC) de Coahuila, Ana Sof\u00eda Garc\u00eda Camil, expuso que es todo un reto poder llevar a cabo la FILC 20-21 en este contexto actual, inmerso en la pandemia sanitaria, pero se contar\u00e1 con la participaci\u00f3n de 122 mujeres, de las cuales 58 son coahuilenses; adem\u00e1s se realizar\u00e1n 122 presentaciones de libros; 20 conferencias; 13 charlas; 15 eventos de Oaxaca; 13 de Italia y 7 por parta de la Academia Mexicana de la Lengua, entre otras actividades culturales.<\/p><p>Afirm\u00f3 adem\u00e1s que es la tercera feria del libro en M\u00e9xico que se est\u00e1 realizando de manera presencial.<\/p><\/blockquote>\n\n\n\n<p>El Director del Instituto Italiano de Cultura, Gianni Vinciguerra, se\u00f1al\u00f3 que ha sido un reto poder seleccionar los eventos a mostrar en Coahuila a pesar de las restricciones de la pandemia, y poder invitar a las escritoras m\u00e1s importantes en la actualidad en Italia, como Dacia Maraini, Donatella Di Pietrantonio, Laura Imai Messina, Federica De Paolis, Daria Bignardi, as\u00ed como Alessandro Raveggi, el poeta Massimo Rizzante, y presentar el concierto de una Orquesta Barroca, entre otras actividades.<\/p>\n\n\n\n<p>En la rueda de prensa en Saltillo, se cont\u00f3 con la participaci\u00f3n de representantes de la Secretar\u00eda de las Culturas y Artes de Oaxaca, de la Academia Mexicana de la Lengua y de la CANIEM, quien reafirmaron el compromiso de participar en esta fiesta de las letras, que es la m\u00e1s importante en el norte de M\u00e9xico.<\/p>\n\n\n\n<p>La Coordinadora General de Difusi\u00f3n y Patrimonio Cultural de la UA de C, Ana Sof\u00eda Rodr\u00edguez Cepeda, resalt\u00f3 el trabajo coordinado que se efect\u00faa entre el Gobierno del Estado y la M\u00e1xima Casa de Estudios de Coahuila para poder efectuar este tipo de eventos culturales.<\/p>\n\n\n\n<p>Tambi\u00e9n se cont\u00f3 con la participaci\u00f3n del Director de la FILC, Juan Salvador \u00c1lvarez de la Fuente; el Director de Coahuila Radio y Televisi\u00f3n, Jorge C\u00e9sar G\u00f3mez, y el director corporativo de Il Mercato Gentiloni, Fabio Gentiloni.<\/p>\n\n\n\n<figure class=\"wp-block-image size-large\"><img fetchpriority=\"high\" decoding=\"async\" width=\"1000\" height=\"667\" src=\"https:\/\/lavereda.com.mx\/wp-content\/uploads\/2021\/09\/007-LISTA-LA-MEJOR-FIESTA-DE-LAS-LETRAS-DEL-NORTE-DE-MEXICO.jpg\" alt=\"\" class=\"wp-image-2223\" srcset=\"https:\/\/lavereda.com.mx\/wp-content\/uploads\/2021\/09\/007-LISTA-LA-MEJOR-FIESTA-DE-LAS-LETRAS-DEL-NORTE-DE-MEXICO.jpg 1000w, https:\/\/lavereda.com.mx\/wp-content\/uploads\/2021\/09\/007-LISTA-LA-MEJOR-FIESTA-DE-LAS-LETRAS-DEL-NORTE-DE-MEXICO-300x200.jpg 300w, https:\/\/lavereda.com.mx\/wp-content\/uploads\/2021\/09\/007-LISTA-LA-MEJOR-FIESTA-DE-LAS-LETRAS-DEL-NORTE-DE-MEXICO-768x512.jpg 768w\" sizes=\"(max-width: 1000px) 100vw, 1000px\" \/><\/figure>\n\n\n\n<p>LA FILC EN N\u00daMEROS<\/p>\n\n\n\n<ul class=\"wp-block-list\"><li>Presentaciones de libros: 112<\/li><li>Conferencias: 20<\/li><li>Charlas: 13<\/li><li>Eventos de Oaxaca: 15<\/li><li>Eventos de Italia: 13<\/li><li>Actividades de la AML: 7<\/li><li>Mujeres participantes: 122<\/li><li>Coahuilenses participantes: 114<\/li><\/ul>\n","protected":false},"excerpt":{"rendered":"<p>Italia y Oaxaca ser\u00e1n el Pa\u00eds y Estado invitados, en conjunto con la Academia Mexicana de la Lengua. La FILC llegar\u00e1 a m\u00e1s de 94 millones de mexicanos, como a &hellip; <a href=\"https:\/\/lavereda.com.mx\/index.php\/2021\/09\/04\/la-feria-internacional-del-libro-de-coahuila-esta-de-regreso\/\" class=\"more-link\">Leer m\u00e1s<\/a><\/p>\n","protected":false},"author":1,"featured_media":2222,"comment_status":"open","ping_status":"open","sticky":false,"template":"","format":"standard","meta":{"footnotes":""},"categories":[5,18],"tags":[],"class_list":["post-2221","post","type-post","status-publish","format-standard","has-post-thumbnail","hentry","category-letras-y-libros","category-lomasrelevante","entry"],"_links":{"self":[{"href":"https:\/\/lavereda.com.mx\/index.php\/wp-json\/wp\/v2\/posts\/2221","targetHints":{"allow":["GET"]}}],"collection":[{"href":"https:\/\/lavereda.com.mx\/index.php\/wp-json\/wp\/v2\/posts"}],"about":[{"href":"https:\/\/lavereda.com.mx\/index.php\/wp-json\/wp\/v2\/types\/post"}],"author":[{"embeddable":true,"href":"https:\/\/lavereda.com.mx\/index.php\/wp-json\/wp\/v2\/users\/1"}],"replies":[{"embeddable":true,"href":"https:\/\/lavereda.com.mx\/index.php\/wp-json\/wp\/v2\/comments?post=2221"}],"version-history":[{"count":1,"href":"https:\/\/lavereda.com.mx\/index.php\/wp-json\/wp\/v2\/posts\/2221\/revisions"}],"predecessor-version":[{"id":2224,"href":"https:\/\/lavereda.com.mx\/index.php\/wp-json\/wp\/v2\/posts\/2221\/revisions\/2224"}],"wp:featuredmedia":[{"embeddable":true,"href":"https:\/\/lavereda.com.mx\/index.php\/wp-json\/wp\/v2\/media\/2222"}],"wp:attachment":[{"href":"https:\/\/lavereda.com.mx\/index.php\/wp-json\/wp\/v2\/media?parent=2221"}],"wp:term":[{"taxonomy":"category","embeddable":true,"href":"https:\/\/lavereda.com.mx\/index.php\/wp-json\/wp\/v2\/categories?post=2221"},{"taxonomy":"post_tag","embeddable":true,"href":"https:\/\/lavereda.com.mx\/index.php\/wp-json\/wp\/v2\/tags?post=2221"}],"curies":[{"name":"wp","href":"https:\/\/api.w.org\/{rel}","templated":true}]}}