{"id":2212,"date":"2021-09-02T22:05:18","date_gmt":"2021-09-02T22:05:18","guid":{"rendered":"http:\/\/lavereda.com.mx\/?p=2212"},"modified":"2021-09-03T01:52:21","modified_gmt":"2021-09-03T01:52:21","slug":"se-inaugura-la-exposicion-ejercito-y-fuerza-aerea-la-gran-fuerza-de-mexico","status":"publish","type":"post","link":"https:\/\/lavereda.com.mx\/index.php\/2021\/09\/02\/se-inaugura-la-exposicion-ejercito-y-fuerza-aerea-la-gran-fuerza-de-mexico\/","title":{"rendered":"Inauguran la exposici\u00f3n \u201cEj\u00e9rcito y fuerza A\u00e9rea: La gran fuerza de M\u00e9xico\u201d"},"content":{"rendered":"\n<p>Con motivo de los 200 a\u00f1os del origen de la Secretar\u00eda de la Defensa Nacional, creada en 1821, Se llev\u00f3 a cabo este jueves 02 de septiembre a las 10:00 hrs la inauguraci\u00f3n de la exposici\u00f3n fotogr\u00e1fica <strong>\u201cEj\u00e9rcito y Fuerza A\u00e9rea: La gran fuerza de M\u00e9xico\u201d<\/strong>. La muestra se encuentra en el Canal de la Perla y se puede ingresar por el acceso de la calle Cepeda.<\/p>\n\n\n\n<p>Por parte de la XI Regi\u00f3n Militar, estuvo presente el Coronel M\u00e9dico Cirujano, Juan Jos\u00e9 D\u00edaz Ram\u00edrez, director del Hospital Militar, acompa\u00f1ado de El\u00edas Ag\u00fcero D\u00edaz Dur\u00e1n, director de Cultura de Torre\u00f3n, Maestra Diana Ram\u00edrez Herrera, directora del Museo Canal de la Perla, y Abraham Salazar, director del IMPLAN Torre\u00f3n.<\/p>\n\n\n\n<p>La exposici\u00f3n consta de 69 fotograf\u00edas cuyo objetivo es mostrar el lado humano de las Fuerzas Armadas, as\u00ed como difundir las actividades relacionadas con las 5 misiones generales establecidas en la Ley Org\u00e1nica del Ej\u00e9rcito y Fuerza A\u00e9rea Mexicanos como lo es Defender la integridad, la independencia y la soberan\u00eda de la naci\u00f3n. Garantizar la seguridad interior. Auxiliar a la poblaci\u00f3n civil en casos de necesidades p\u00fablicas. Realizar acciones c\u00edvicas y obras sociales que tiendan al progreso del pa\u00eds. En caso de desastre, prestar ayuda para el mantenimiento del orden, auxilio de las personas, sus bienes y la reconstrucci\u00f3n de zonas afectadas.<\/p>\n\n\n\n<div class=\"wp-block-image\"><figure class=\"aligncenter size-large is-resized\"><img fetchpriority=\"high\" decoding=\"async\" src=\"https:\/\/lavereda.com.mx\/wp-content\/uploads\/2021\/09\/06e8a7b2-6263-4e8c-b149-5c795eed5ab4-e1630620087711.jpg\" alt=\"\" class=\"wp-image-2213\" width=\"413\" height=\"309\"\/><\/figure><\/div>\n\n\n\n<p>Adem\u00e1s la exposici\u00f3n estar\u00e1 abierta al p\u00fablico desde este 02 de septiembre y hasta el 09 de octubre en un horario de martes a s\u00e1bado de 10:00 am a 3:00 pm.<\/p>\n\n\n\n<p>Cabe mencionar que si eres fot\u00f3grafo, te gusta el arte, o tu inter\u00e9s est\u00e1 en las fuerzas armadas &nbsp;tienes que acudir a ver esta incre\u00edble exhibici\u00f3n.<\/p>\n","protected":false},"excerpt":{"rendered":"<p>Con motivo de los 200 a\u00f1os del origen de la Secretar\u00eda de la Defensa Nacional, creada en 1821, Se llev\u00f3 a cabo este jueves 02 de septiembre a las 10:00 &hellip; <a href=\"https:\/\/lavereda.com.mx\/index.php\/2021\/09\/02\/se-inaugura-la-exposicion-ejercito-y-fuerza-aerea-la-gran-fuerza-de-mexico\/\" class=\"more-link\">Leer m\u00e1s<\/a><\/p>\n","protected":false},"author":1,"featured_media":2214,"comment_status":"open","ping_status":"open","sticky":false,"template":"","format":"standard","meta":{"footnotes":""},"categories":[3,7],"tags":[],"class_list":["post-2212","post","type-post","status-publish","format-standard","has-post-thumbnail","hentry","category-artes-visuales","category-entretenimiento","entry"],"_links":{"self":[{"href":"https:\/\/lavereda.com.mx\/index.php\/wp-json\/wp\/v2\/posts\/2212","targetHints":{"allow":["GET"]}}],"collection":[{"href":"https:\/\/lavereda.com.mx\/index.php\/wp-json\/wp\/v2\/posts"}],"about":[{"href":"https:\/\/lavereda.com.mx\/index.php\/wp-json\/wp\/v2\/types\/post"}],"author":[{"embeddable":true,"href":"https:\/\/lavereda.com.mx\/index.php\/wp-json\/wp\/v2\/users\/1"}],"replies":[{"embeddable":true,"href":"https:\/\/lavereda.com.mx\/index.php\/wp-json\/wp\/v2\/comments?post=2212"}],"version-history":[{"count":2,"href":"https:\/\/lavereda.com.mx\/index.php\/wp-json\/wp\/v2\/posts\/2212\/revisions"}],"predecessor-version":[{"id":2216,"href":"https:\/\/lavereda.com.mx\/index.php\/wp-json\/wp\/v2\/posts\/2212\/revisions\/2216"}],"wp:featuredmedia":[{"embeddable":true,"href":"https:\/\/lavereda.com.mx\/index.php\/wp-json\/wp\/v2\/media\/2214"}],"wp:attachment":[{"href":"https:\/\/lavereda.com.mx\/index.php\/wp-json\/wp\/v2\/media?parent=2212"}],"wp:term":[{"taxonomy":"category","embeddable":true,"href":"https:\/\/lavereda.com.mx\/index.php\/wp-json\/wp\/v2\/categories?post=2212"},{"taxonomy":"post_tag","embeddable":true,"href":"https:\/\/lavereda.com.mx\/index.php\/wp-json\/wp\/v2\/tags?post=2212"}],"curies":[{"name":"wp","href":"https:\/\/api.w.org\/{rel}","templated":true}]}}