{"id":2205,"date":"2021-08-31T23:28:11","date_gmt":"2021-08-31T23:28:11","guid":{"rendered":"http:\/\/lavereda.com.mx\/?p=2205"},"modified":"2021-09-01T16:27:32","modified_gmt":"2021-09-01T16:27:32","slug":"ventanas-a-un-sitio-sagrado","status":"publish","type":"post","link":"https:\/\/lavereda.com.mx\/index.php\/2021\/08\/31\/ventanas-a-un-sitio-sagrado\/","title":{"rendered":"Ventanas a un sitio sagrado"},"content":{"rendered":"\n<p>Las ventanas arqueol\u00f3gicas que hoy se abren est\u00e1n situadas en uno de los sitios sagrados que m\u00e1s identidad le ha dado al pa\u00eds. Estas ventanas se van articulando como un gran museo subterr\u00e1neo, como piezas de una ciudad sagrada que imagin\u00e1bamos y hoy la reconocemos en sus fragmentos.<\/p>\n\n\n\n<p>El coordinador general de Comunicaci\u00f3n Social y Vocero de la Presidencia de la Rep\u00fablica, Jes\u00fas Ram\u00edrez Cuevas; la secretaria de Cultura del Gobierno de M\u00e9xico, Alejandra Frausto Guerrero, y la jefa de gobierno de la Ciudad de M\u00e9xico, Claudia Sheinbaum Pardo, en compa\u00f1\u00eda del director general del INAH, Diego Prieto Hern\u00e1ndez, y la directora del Servicio Postal Mexicano, Roc\u00edo B\u00e1rcena Molina, efectuaron la apertura de este espacio en el emblem\u00e1tico edificio que ocupa la esquina de las calles Donceles y Rep\u00fablica de Argentin, aquellos vestigios del antiguo Recinto Sagrado permanecen en el subsuelo del primer cuadro de la Ciudad de M\u00e9xico.<\/p>\n\n\n\n<p>La apertura de estas ventanas es resultado de un trabajo com\u00fan, un trabajo de enormes voluntades y muy dedicados talentos. Podemos rendir un homenaje a quien dedica su vida a la arqueolog\u00eda, la investigaci\u00f3n, la antropolog\u00eda f\u00edsica, la restauraci\u00f3n, la arquitectura y tambi\u00e9n a los trabajadores de la construcci\u00f3n, de la mano de empresarios responsables y conscientes del tesoro que tiene el pa\u00eds.<\/p>\n\n\n\n<p>Las ventanas sirven para resguardarnos de las inclemencias del clima, del fr\u00edo, del calor, del ruido, nos protegen de los elementos extra\u00f1os, nos permiten acceder a la luz, nos dan cobijo, nos permiten ver hacia afuera. Estas ventanas tan singulares nos permiten ver hacia dentro, resguardarnos de las inclemencias del olvido, de la falta de memoria, del silencio al que se conden\u00f3 y permaneci\u00f3 oculto nuestro interior m\u00e1s profundo: las culturas de M\u00e9xico que se intentaron destruir. Hoy inauguramos este recorrido que permitir\u00e1 literalmente asomarnos a las ra\u00edces vivas de las culturas de M\u00e9xico.<\/p>\n\n\n\n<blockquote class=\"wp-block-quote is-layout-flow wp-block-quote-is-layout-flow\"><p>Aqu\u00ed, en este coraz\u00f3n de la naci\u00f3n tallado en piedra, emergen las ra\u00edces: en la casa del Marqu\u00e9s del Apartado, en el Templo de Eh\u00e9catl, en el Calm\u00e9cac, en el Juego de Pelota, en el Palacio de Axcay\u00e1catl y en el Huei Tzompantli, donde se encuentra la ofrenda para la vida, aportaci\u00f3n cultural dedicada al Dios Sol, \u00fanica en el mundo. Sitio sagrado donde se honra a la vida, a la muerte y a la educaci\u00f3n.<\/p><\/blockquote>\n\n\n\n<p>Debemos tener presente que nuestra historia es sobre todo una historia viva. Los herederos que tallaron en piedra el coraz\u00f3n de este pa\u00eds siguen aqu\u00ed como comunidades vivas, como comunidades palpitantes.<\/p>\n\n\n\n<p>Conmemoramos la historia y celebramos la resistencia, la de hace 500 a\u00f1os y la de hoy. Cinco siglos donde los pueblos originarios han padecido discriminaci\u00f3n, rechazo, clasismo y racismo; cinco siglos tambi\u00e9n en los que la tarea cultural se fue olvidando justamente de esas ra\u00edces.<\/p>\n\n\n\n<p>Ahora, para el Gobierno de M\u00e9xico, aquellos olvidados est\u00e1n al centro, no podemos pensar en la recuperaci\u00f3n, conservaci\u00f3n o difusi\u00f3n del pasado prehisp\u00e1nico sin el conocimiento, respeto y, sobre todo, dignificaci\u00f3n de las comunidades ind\u00edgenas actuales: el reconocimiento de la diversidad cultural como nuestra mayor y m\u00e1s grande riqueza.<\/p>\n\n\n\n<p>En el recorrido inaugural, el responsable del PAU,&nbsp;Ra\u00fal Barrera Rodr\u00edguez, refiri\u00f3 que en el Centro Hist\u00f3rico de la capital&nbsp;existen 42 ventanas arqueol\u00f3gicas distribuidas en 16 inmuebles y en la v\u00eda p\u00fablica, a trav\u00e9s de las cuales se pueden admirar restos de templos y palacios mexicas, de casas solariegas de conquistadores espa\u00f1oles, de iglesias cristianas, casas del gobierno virreinal y vestigios del siglo XIX<\/p>\n\n\n\n<p>A partir de este martes, 31 de agosto, y hasta el mes de noviembre, el&nbsp;Pabell\u00f3n de Ventanas Arqueol\u00f3gicas&nbsp;estar\u00e1 abierto al p\u00fablico los d\u00edas martes, mi\u00e9rcoles, viernes y s\u00e1bados, de 10:00 a 15:00 horas.<\/p>\n\n\n\n<p>El acceso ser\u00e1 con el boleto de ingreso al Museo y Zona Arqueol\u00f3gica del Templo Mayor. Las ventanas arqueol\u00f3gicas del&nbsp;Templo de Eh\u00e9catl&nbsp;y el&nbsp;Huei Tzompantli&nbsp;se trabaja para que puedan ser visitadas por el p\u00fablico en un futuro.&nbsp;<\/p>\n","protected":false},"excerpt":{"rendered":"<p>Las ventanas arqueol\u00f3gicas que hoy se abren est\u00e1n situadas en uno de los sitios sagrados que m\u00e1s identidad le ha dado al pa\u00eds. Estas ventanas se van articulando como un &hellip; <a href=\"https:\/\/lavereda.com.mx\/index.php\/2021\/08\/31\/ventanas-a-un-sitio-sagrado\/\" class=\"more-link\">Leer m\u00e1s<\/a><\/p>\n","protected":false},"author":14,"featured_media":2207,"comment_status":"open","ping_status":"open","sticky":false,"template":"","format":"standard","meta":{"footnotes":""},"categories":[3,18],"tags":[],"class_list":["post-2205","post","type-post","status-publish","format-standard","has-post-thumbnail","hentry","category-artes-visuales","category-lomasrelevante","entry"],"_links":{"self":[{"href":"https:\/\/lavereda.com.mx\/index.php\/wp-json\/wp\/v2\/posts\/2205","targetHints":{"allow":["GET"]}}],"collection":[{"href":"https:\/\/lavereda.com.mx\/index.php\/wp-json\/wp\/v2\/posts"}],"about":[{"href":"https:\/\/lavereda.com.mx\/index.php\/wp-json\/wp\/v2\/types\/post"}],"author":[{"embeddable":true,"href":"https:\/\/lavereda.com.mx\/index.php\/wp-json\/wp\/v2\/users\/14"}],"replies":[{"embeddable":true,"href":"https:\/\/lavereda.com.mx\/index.php\/wp-json\/wp\/v2\/comments?post=2205"}],"version-history":[{"count":3,"href":"https:\/\/lavereda.com.mx\/index.php\/wp-json\/wp\/v2\/posts\/2205\/revisions"}],"predecessor-version":[{"id":2211,"href":"https:\/\/lavereda.com.mx\/index.php\/wp-json\/wp\/v2\/posts\/2205\/revisions\/2211"}],"wp:featuredmedia":[{"embeddable":true,"href":"https:\/\/lavereda.com.mx\/index.php\/wp-json\/wp\/v2\/media\/2207"}],"wp:attachment":[{"href":"https:\/\/lavereda.com.mx\/index.php\/wp-json\/wp\/v2\/media?parent=2205"}],"wp:term":[{"taxonomy":"category","embeddable":true,"href":"https:\/\/lavereda.com.mx\/index.php\/wp-json\/wp\/v2\/categories?post=2205"},{"taxonomy":"post_tag","embeddable":true,"href":"https:\/\/lavereda.com.mx\/index.php\/wp-json\/wp\/v2\/tags?post=2205"}],"curies":[{"name":"wp","href":"https:\/\/api.w.org\/{rel}","templated":true}]}}