{"id":2201,"date":"2021-08-31T21:02:16","date_gmt":"2021-08-31T21:02:16","guid":{"rendered":"http:\/\/lavereda.com.mx\/?p=2201"},"modified":"2021-08-31T21:02:21","modified_gmt":"2021-08-31T21:02:21","slug":"integran-oferta-virtual-del-festival-internacional-cervantino-49","status":"publish","type":"post","link":"https:\/\/lavereda.com.mx\/index.php\/2021\/08\/31\/integran-oferta-virtual-del-festival-internacional-cervantino-49\/","title":{"rendered":"Integran oferta virtual del Festival Internacional Cervantino 49"},"content":{"rendered":"\n<p>Cuatro grupos art\u00edsticos del Instituto Nacional de Bellas Artes y Literatura (INBAL) tendr\u00e1n presencia en el Festival Internacional Cervantino durante su edici\u00f3n 49, con la presentaci\u00f3n de espect\u00e1culos multidisciplinarios que trasladan la danza, el teatro, la \u00f3pera y la m\u00fasica a la virtualidad, como parte de la programaci\u00f3n gratuita en el marco de esta fiesta cultural, a celebrarse del 13 al 31 de octubre de manera h\u00edbrida en el estado de Guanajuato y en <a href=\"https:\/\/festivalcervantino.gob.mx\/\">festivalcervantino.gob.mx<\/a>, para la audiencia digital.<\/p>\n\n\n\n<p>La instantaneidad de un momento y el impacto que puede traer consigo pese a su duraci\u00f3n fue el planteamiento de <em>Espacio Ef\u00edmero<\/em>, una obra multidisciplinaria de la Compa\u00f1\u00eda Nacional de Danza (CND) en colaboraci\u00f3n con el Centro de Experimentaci\u00f3n y Producci\u00f3n de M\u00fasica Contempor\u00e1nea (CEPROMUSIC). Bajo la direcci\u00f3n art\u00edstica de la bailarina Elisa Carrillo, la direcci\u00f3n ejecutiva de Cuauht\u00e9moc N\u00e1jera y la direcci\u00f3n musical de Jos\u00e9 Luis Castillo, podr\u00e1 apreciarse desde la plataforma virtual del FIC, el domingo 17 de octubre a las 13 horas.<\/p>\n\n\n\n<p>M\u00fasica, danza y video son la base de esta producci\u00f3n virtual, que tom\u00f3 como punto de partida los conceptos de tiempo y espacio para la creaci\u00f3n del discurso est\u00e9tico. La propuesta creativa tuvo como escenario a cuatro museos del INBAL, espacios intervenidos por bailarines de la CND para modificar la cotidianidad de cada entorno a partir del lenguaje danc\u00edstico, acompa\u00f1ados cada uno de ellos de composiciones musicales interpretadas por integrantes del CEPROMUSIC.<\/p>\n\n\n\n<div class=\"wp-block-image\"><figure class=\"aligncenter size-large is-resized\"><img fetchpriority=\"high\" decoding=\"async\" src=\"https:\/\/lavereda.com.mx\/wp-content\/uploads\/2021\/08\/CEPROMUSIC_Propiedad-de-CEPROMUSIC_2-1024x640.jpg\" alt=\"\" class=\"wp-image-2202\" width=\"411\" height=\"257\"\/><\/figure><\/div>\n\n\n\n<p>Como parte de la oferta musical, el ensamble CEPROMUSIC y la CNT \u2014con la direcci\u00f3n de Jos\u00e9 Luis Castillo y direcci\u00f3n esc\u00e9nica de Enrique Singer\u2014 ofrecer\u00e1n un programa en homenaje al compositor ruso \u00cdgor Stravinsky, quien ser\u00e1 recordado a 50 a\u00f1os de su muerte a trav\u00e9s de las piezas <em>Pribaoutki, Renard<\/em> o <em>La historia de un soldado, <\/em>las cuales tomaron como inspiraci\u00f3n historias rusas tradicionales en reflejo de la sociedad durante el siglo XX.<\/p>\n\n\n\n<p>Stravinsky fue considerado un \u00edcono de la m\u00fasica orquestal, quien adem\u00e1s de componer, incorporaba sus creaciones en montajes danc\u00edsticos, como <em>Renard<\/em> en los Ballets Rusos de Sergei Di\u00e1ghilev y <em>Petrushka, <\/em>en elballet cl\u00e1sico del core\u00f3grafo ruso Michel Fokine. Este tributo sinf\u00f3nico a cinco d\u00e9cadas de su aniversario luctuoso ser\u00e1 parte de la oferta virtual el jueves 28 de octubre a las 19 horas.<\/p>\n\n\n\n<p>La \u00f3pera en dos actos, <em>Ascanio in Alba, <\/em>escrita por el italiano Giuseppe Parini y musicalizada por Wolfgang Amadeus Mozart, tambi\u00e9n formar\u00e1 parte de la programaci\u00f3n virtual del FIC en su edici\u00f3n 49. La \u00d3pera de Bellas Artes \u2014con la direcci\u00f3n de Iv\u00e1n L\u00f3pez Reynoso y la direcci\u00f3n esc\u00e9nica de Miguel Santa Rita\u2014interpretar\u00e1 esta pieza escenificada por primera ocasi\u00f3n en el a\u00f1o 1771, a petici\u00f3n de la emperatriz Mar\u00eda Teresa de Austria.<\/p>\n\n\n\n<p>La trama cuenta la historia del hijo de Venus, Ascanio, quien es puesto a prueba junto con su prometida Silvia, antes de consumar su matrimonio en la ciudad de Alba. Con la participaci\u00f3n de la soprano Agnieszka Slawinska, en el papel de Venus, el contratenor Gamaliel Reynoso, como Ascanio, y la soprano Anabel de la Mora, en representaci\u00f3n de Silvia, el p\u00fablico cervantino podr\u00e1 disfrutar este espect\u00e1culo en l\u00ednea el domingo 31 de octubre a las 19 horas.<\/p>\n\n\n\n<p>La Compa\u00f1\u00eda Nacional de Danza, el Centro de Experimentaci\u00f3n y Producci\u00f3n de M\u00fasica Contempor\u00e1nea, la Compa\u00f1\u00eda Nacional de Teatro y la \u00d3pera de Bellas Artesson algunos de los grupos art\u00edsticos pertenecientes al INBAL, que tienen por objetivo el desarrollo, la difusi\u00f3n y experimentaci\u00f3n de las distintas disciplinas art\u00edsticas a nivel nacional e internacional mediante la creaci\u00f3n de espacios propicios de trabajo.<\/p>\n\n\n\n<p>El p\u00fablico podr\u00e1 acceder a la programaci\u00f3n desde cualquier parte del mundo, a trav\u00e9s de festivalcervantino.gob.mx y la plataforma Contigo en la Distancia contigoenladistancia.cultura.gob.mx; adem\u00e1s desde las transmisiones del Sistema P\u00fablico de Radiodifusi\u00f3n del Estado Mexicano (SPR), Canal 22 y la Unidad de Televisi\u00f3n de Guanajuato (TV4). El Festival Internacional Cervantino se difundir\u00e1 en televisi\u00f3n abierta, redes sociales y plataformas digitales de los medios p\u00fablicos federales y locales.<\/p>\n\n\n\n<p>El uso de cubrebocas obligatorio, la aplicaci\u00f3n de gel antibacterial, el respeto a la sana distancia y los aforos limitados en recintos abiertos y cerrados son algunas de las medidas implementadas para salvaguardar la salud del p\u00fablico.<\/p>\n\n\n\n<p>Para m\u00e1s informaci\u00f3n puedes visitar las redes sociales del festival en Twitter @cervantino, Facebook \/Cervantino e Instagram @cervantino.<\/p>\n","protected":false},"excerpt":{"rendered":"<p>Cuatro grupos art\u00edsticos del Instituto Nacional de Bellas Artes y Literatura (INBAL) tendr\u00e1n presencia en el Festival Internacional Cervantino durante su edici\u00f3n 49, con la presentaci\u00f3n de espect\u00e1culos multidisciplinarios que &hellip; <a href=\"https:\/\/lavereda.com.mx\/index.php\/2021\/08\/31\/integran-oferta-virtual-del-festival-internacional-cervantino-49\/\" class=\"more-link\">Leer m\u00e1s<\/a><\/p>\n","protected":false},"author":1,"featured_media":2203,"comment_status":"open","ping_status":"open","sticky":false,"template":"","format":"standard","meta":{"footnotes":""},"categories":[2,18],"tags":[],"class_list":["post-2201","post","type-post","status-publish","format-standard","has-post-thumbnail","hentry","category-artes-escenicas","category-lomasrelevante","entry"],"_links":{"self":[{"href":"https:\/\/lavereda.com.mx\/index.php\/wp-json\/wp\/v2\/posts\/2201","targetHints":{"allow":["GET"]}}],"collection":[{"href":"https:\/\/lavereda.com.mx\/index.php\/wp-json\/wp\/v2\/posts"}],"about":[{"href":"https:\/\/lavereda.com.mx\/index.php\/wp-json\/wp\/v2\/types\/post"}],"author":[{"embeddable":true,"href":"https:\/\/lavereda.com.mx\/index.php\/wp-json\/wp\/v2\/users\/1"}],"replies":[{"embeddable":true,"href":"https:\/\/lavereda.com.mx\/index.php\/wp-json\/wp\/v2\/comments?post=2201"}],"version-history":[{"count":1,"href":"https:\/\/lavereda.com.mx\/index.php\/wp-json\/wp\/v2\/posts\/2201\/revisions"}],"predecessor-version":[{"id":2204,"href":"https:\/\/lavereda.com.mx\/index.php\/wp-json\/wp\/v2\/posts\/2201\/revisions\/2204"}],"wp:featuredmedia":[{"embeddable":true,"href":"https:\/\/lavereda.com.mx\/index.php\/wp-json\/wp\/v2\/media\/2203"}],"wp:attachment":[{"href":"https:\/\/lavereda.com.mx\/index.php\/wp-json\/wp\/v2\/media?parent=2201"}],"wp:term":[{"taxonomy":"category","embeddable":true,"href":"https:\/\/lavereda.com.mx\/index.php\/wp-json\/wp\/v2\/categories?post=2201"},{"taxonomy":"post_tag","embeddable":true,"href":"https:\/\/lavereda.com.mx\/index.php\/wp-json\/wp\/v2\/tags?post=2201"}],"curies":[{"name":"wp","href":"https:\/\/api.w.org\/{rel}","templated":true}]}}