{"id":2173,"date":"2021-08-26T17:14:20","date_gmt":"2021-08-26T17:14:20","guid":{"rendered":"http:\/\/lavereda.com.mx\/?p=2173"},"modified":"2021-08-26T17:19:32","modified_gmt":"2021-08-26T17:19:32","slug":"ofrece-ensamble-quinto-movimiento-concierto-mosaico-mexicano","status":"publish","type":"post","link":"https:\/\/lavereda.com.mx\/index.php\/2021\/08\/26\/ofrece-ensamble-quinto-movimiento-concierto-mosaico-mexicano\/","title":{"rendered":"Ofrece ensamble \u201cQuinto Movimiento\u201d concierto Mosaico Mexicano"},"content":{"rendered":"\n<p>La m\u00fasica es un maravilloso lenguaje  y el deleite que ofrece escuchar las cuerdas de los instrumentos en armon\u00eda es algo \u00fanico. Por ello podemos ver diferentes agrupaciones que nos envuelven en sus melod\u00edas.\u00a0<\/p>\n\n\n\n<p>Ensamble \u201d Quinto Movimiento\u201d es el nombre que surge de la fortaleza musical de sus integrantes, y su singularidad, buscando crear una identidad ic\u00f3nica de la Regi\u00f3n. La agrupaci\u00f3n pretende presentar un repertorio camer\u00edstico del barroco al contempor\u00e1neo, cercano al p\u00fablico, como un grupo de amigos que platican desde el escenario que comparten su experiencia musical y art\u00edstico-cultural, desde los sentidos y la raz\u00f3n a trav\u00e9s de la uni\u00f3n de instrumentos y corazones.<\/p>\n\n\n\n<p>Adem\u00e1s con motivo de las fechas patrias \u201cQuinto Movimiento\u201d se complace en invitarlos al concierto que lleva por t\u00edtulo \u201cMosaico Mexicano\u201d el 02 de septiembre del 2021 en el hermoso Teatro Isauro Mart\u00ednez a las 8:00 pm, en la ciudad de Torre\u00f3n, Coahuila. Presentando una variedad de obras mexicanas tanto de concierto como boleros que nos han marcado como mexicanos. Entre otras obras que se interpretaran, se encuentra la obra llamada \u201cEstampas Mexicanas\u201d del compositor Jos\u00e9 Elizondo que radica en los Estados Unidos, donde integra varias melod\u00edas y ritmos populares festivos. Sera la primera vez que se interpretan los tres movimientos de esta obra en su versi\u00f3n para quinteto de cuerdas.<\/p>\n\n\n\n<p>Conga del Fuego Nuevo y el Danz\u00f3n 2 de Arturo M\u00e1rquez con arreglo y adaptaci\u00f3n para quinteto de cuerdas del chelista Fernando Morales, canciones de boleros mexicanos son tambien parte de este programa en donde se contara con la colaboraci\u00f3n de la soprano Luz Alicia Avila Frias, de una gran calidad humana y sobre todo con una hermosa voz.<\/p>\n\n\n\n<p>Los integrantes de este ensamble son: en el Viol\u00edn I: Ismael Isauro Estevan\u00e9 Rasc\u00f3n, en el Viol\u00edn II: Yoleti Monique Riquetti Bojorquez, en Viola: Meng Wei Su, en Cello: Fernando Morales Gonz\u00e1lez y en Contrabajo: Armando P\u00e9rez Towns.<\/p>\n\n\n\n<p>Se contar\u00e1 con todas las medidas sanitarias, y no olvides llevar tu cubre boca y usar gel antibacterial.<\/p>\n\n\n\n<p>Los boletos para este evento podr\u00e1n ser adquiridos en &nbsp;Sabor a mi Restaurante en Prol. Ju\u00e1rez No. 472 Nte. Zona centro en la ciudad de Lerdo, Durango; en Torre\u00f3n en la tienda Salper Deportes ubicado en calle Rodr\u00edguez No. 47; en Sinfon\u00eda Caf\u00e9 &amp; Cultura ubicado en Av. Matamoros No. 1102 y en taquillas del Teatro el d\u00eda del evento. Tambi\u00e9n pueden comunicarse al tel\u00e9fono 871-132-51-40 con Armando P\u00e9rez Towns.<\/p>\n","protected":false},"excerpt":{"rendered":"<p>La m\u00fasica es un maravilloso lenguaje y el deleite que ofrece escuchar las cuerdas de los instrumentos en armon\u00eda es algo \u00fanico. Por ello podemos ver diferentes agrupaciones que nos &hellip; <a href=\"https:\/\/lavereda.com.mx\/index.php\/2021\/08\/26\/ofrece-ensamble-quinto-movimiento-concierto-mosaico-mexicano\/\" class=\"more-link\">Leer m\u00e1s<\/a><\/p>\n","protected":false},"author":1,"featured_media":2174,"comment_status":"open","ping_status":"open","sticky":false,"template":"","format":"standard","meta":{"footnotes":""},"categories":[18,4],"tags":[],"class_list":["post-2173","post","type-post","status-publish","format-standard","has-post-thumbnail","hentry","category-lomasrelevante","category-musica","entry"],"_links":{"self":[{"href":"https:\/\/lavereda.com.mx\/index.php\/wp-json\/wp\/v2\/posts\/2173","targetHints":{"allow":["GET"]}}],"collection":[{"href":"https:\/\/lavereda.com.mx\/index.php\/wp-json\/wp\/v2\/posts"}],"about":[{"href":"https:\/\/lavereda.com.mx\/index.php\/wp-json\/wp\/v2\/types\/post"}],"author":[{"embeddable":true,"href":"https:\/\/lavereda.com.mx\/index.php\/wp-json\/wp\/v2\/users\/1"}],"replies":[{"embeddable":true,"href":"https:\/\/lavereda.com.mx\/index.php\/wp-json\/wp\/v2\/comments?post=2173"}],"version-history":[{"count":2,"href":"https:\/\/lavereda.com.mx\/index.php\/wp-json\/wp\/v2\/posts\/2173\/revisions"}],"predecessor-version":[{"id":2176,"href":"https:\/\/lavereda.com.mx\/index.php\/wp-json\/wp\/v2\/posts\/2173\/revisions\/2176"}],"wp:featuredmedia":[{"embeddable":true,"href":"https:\/\/lavereda.com.mx\/index.php\/wp-json\/wp\/v2\/media\/2174"}],"wp:attachment":[{"href":"https:\/\/lavereda.com.mx\/index.php\/wp-json\/wp\/v2\/media?parent=2173"}],"wp:term":[{"taxonomy":"category","embeddable":true,"href":"https:\/\/lavereda.com.mx\/index.php\/wp-json\/wp\/v2\/categories?post=2173"},{"taxonomy":"post_tag","embeddable":true,"href":"https:\/\/lavereda.com.mx\/index.php\/wp-json\/wp\/v2\/tags?post=2173"}],"curies":[{"name":"wp","href":"https:\/\/api.w.org\/{rel}","templated":true}]}}