{"id":2170,"date":"2021-08-25T16:32:25","date_gmt":"2021-08-25T16:32:25","guid":{"rendered":"http:\/\/lavereda.com.mx\/?p=2170"},"modified":"2021-08-25T16:32:34","modified_gmt":"2021-08-25T16:32:34","slug":"la-revista-biblioteca-de-mexico-tiene-un-nuevo-numero-y-ahora-tambien-version-digital","status":"publish","type":"post","link":"https:\/\/lavereda.com.mx\/index.php\/2021\/08\/25\/la-revista-biblioteca-de-mexico-tiene-un-nuevo-numero-y-ahora-tambien-version-digital\/","title":{"rendered":"La Revista Biblioteca de M\u00e9xico tiene un nuevo n\u00famero,  y ahora tambi\u00e9n versi\u00f3n digital"},"content":{"rendered":"\n<p>Por un determinado tiempo ya se esperaba la llegada de la revista en versi\u00f3n digital de la Biblioteca de M\u00e9xico, y con este nuevo numero nos presenta esa versi\u00f3n tan esperada en formatos digital.<\/p>\n\n\n\n<p>Al respecto se menciona por parte de la Secretar\u00eda de Cultura del Gobierno de M\u00e9xico, a trav\u00e9s de la Direcci\u00f3n General de Bibliotecas (DGB), que presenta el nuevo n\u00famero de la revista Biblioteca de M\u00e9xico, denominado <em>Sin permiso de nadie<\/em>, y que por primera vez ser\u00e1 completamente digital.<\/p>\n\n\n\n<p>Creada desde 1991, con el prop\u00f3sito de fomentar la difusi\u00f3n y la reflexi\u00f3n de temas literarios, la Revista Biblioteca de M\u00e9xico llega a esta nueva etapa sum\u00e1ndose a la estrategia de #Contigoenladistancia, para aprovechar las plataformas digitales, a fin de llegar a nuevos y diversos p\u00fablicos.<\/p>\n\n\n\n<p>\u201cNo daremos un paso atr\u00e1s en el terreno digital, por lo que Contigo en la distancia sigue creciendo, ahora con la publicaci\u00f3n de <em>Sin permiso de nadie<\/em>, la nueva edici\u00f3n de la Revista Biblioteca de M\u00e9xico, que celebra y difunde el talento de las artistas mexicanas en la literatura y el c\u00f3mic\u201d, coment\u00f3 la secretaria de Cultura del Gobierno de M\u00e9xico, Alejandra Frausto Guerrero.&nbsp;<\/p>\n\n\n\n<p>Esta nueva edici\u00f3n, la 173 en su historia, se dedica a revisar la producci\u00f3n de escritoras y artistas de c\u00f3mic de las nuevas generaciones en M\u00e9xico; est\u00e1 disponible de forma gratuita a partir de hoy, a trav\u00e9s de bibliotecademexico.gob.mx\/revistabm y de la plataforma Contigo en la distancia (contigoenladistancia.cultura.gob.mx).&nbsp;<\/p>\n\n\n\n<p>Editada por la DGB, bajo la conducci\u00f3n del director de la Biblioteca de M\u00e9xico y la Biblioteca Vasconcelos, Jos\u00e9 Mariano Leyva, la Revista Biblioteca de M\u00e9xico ha invitado a un grupo de autoras y dibujantes de c\u00f3mic para reflexionar sobre sus traves\u00edas y hallazgos.&nbsp;<\/p>\n\n\n\n<p>De este modo, las artistas conocidas como Lizeis, Pauu M\u00e1rquez y Beli de la Torre entregan c\u00f3mics en los que exponen los caminos que han recorrido en la b\u00fasqueda para desarrollarse en el mundo de la gr\u00e1fica. Se encuentra tambi\u00e9n una entrevista de Alejandra Espino a Ana Barreto quien, a trav\u00e9s de la publicaci\u00f3n Espor\u00e1dica, irrumpi\u00f3 durante la d\u00e9cada de los ochenta en el \u00e1mbito del c\u00f3mic y abri\u00f3 espacios a las generaciones siguientes.<\/p>\n\n\n\n<p>Por su parte, la dramaturga Ver\u00f3nica Bujeiro, la novelista Karla Z\u00e1rate y la poeta Nadia L\u00f3pez Garc\u00eda presentan ensayos en que desmenuzan la evoluci\u00f3n de su escritura y analizan las exploraciones y posibilidades que encierra el ejercicio de su talento en M\u00e9xico.<\/p>\n\n\n\n<p>El n\u00famero tambi\u00e9n da a conocer un poema de Enriqueta Lunez, escrito en tsotsil y espa\u00f1ol, y un cuento de Olivia Teroba as\u00ed como un reportaje de la jefa de redacci\u00f3n de la revista, Sabina Orozco, sobre el panorama actual de la escritura para j\u00f3venes autoras como Ver\u00f3nica Gerber, Fernanda Bada, Xitlalitl Rodr\u00edguez y Paulina del Collado.<\/p>\n\n\n\n<p>El p\u00fablico interesado podr\u00e1 leer tambi\u00e9n un ensayo en torno de la obra de Margo Glantz, escrito por la doctora Guadalupe P\u00e9rez-Anzaldo y una revisi\u00f3n de la historiadora Evangelina Villarreal Murueta sobre la poeta mexicana Mar\u00eda del Mar, integrante del movimiento agorista.<\/p>\n","protected":false},"excerpt":{"rendered":"<p>Por un determinado tiempo ya se esperaba la llegada de la revista en versi\u00f3n digital de la Biblioteca de M\u00e9xico, y con este nuevo numero nos presenta esa versi\u00f3n tan &hellip; <a href=\"https:\/\/lavereda.com.mx\/index.php\/2021\/08\/25\/la-revista-biblioteca-de-mexico-tiene-un-nuevo-numero-y-ahora-tambien-version-digital\/\" class=\"more-link\">Leer m\u00e1s<\/a><\/p>\n","protected":false},"author":1,"featured_media":2171,"comment_status":"open","ping_status":"open","sticky":false,"template":"","format":"standard","meta":{"footnotes":""},"categories":[5,18],"tags":[],"class_list":["post-2170","post","type-post","status-publish","format-standard","has-post-thumbnail","hentry","category-letras-y-libros","category-lomasrelevante","entry"],"_links":{"self":[{"href":"https:\/\/lavereda.com.mx\/index.php\/wp-json\/wp\/v2\/posts\/2170","targetHints":{"allow":["GET"]}}],"collection":[{"href":"https:\/\/lavereda.com.mx\/index.php\/wp-json\/wp\/v2\/posts"}],"about":[{"href":"https:\/\/lavereda.com.mx\/index.php\/wp-json\/wp\/v2\/types\/post"}],"author":[{"embeddable":true,"href":"https:\/\/lavereda.com.mx\/index.php\/wp-json\/wp\/v2\/users\/1"}],"replies":[{"embeddable":true,"href":"https:\/\/lavereda.com.mx\/index.php\/wp-json\/wp\/v2\/comments?post=2170"}],"version-history":[{"count":1,"href":"https:\/\/lavereda.com.mx\/index.php\/wp-json\/wp\/v2\/posts\/2170\/revisions"}],"predecessor-version":[{"id":2172,"href":"https:\/\/lavereda.com.mx\/index.php\/wp-json\/wp\/v2\/posts\/2170\/revisions\/2172"}],"wp:featuredmedia":[{"embeddable":true,"href":"https:\/\/lavereda.com.mx\/index.php\/wp-json\/wp\/v2\/media\/2171"}],"wp:attachment":[{"href":"https:\/\/lavereda.com.mx\/index.php\/wp-json\/wp\/v2\/media?parent=2170"}],"wp:term":[{"taxonomy":"category","embeddable":true,"href":"https:\/\/lavereda.com.mx\/index.php\/wp-json\/wp\/v2\/categories?post=2170"},{"taxonomy":"post_tag","embeddable":true,"href":"https:\/\/lavereda.com.mx\/index.php\/wp-json\/wp\/v2\/tags?post=2170"}],"curies":[{"name":"wp","href":"https:\/\/api.w.org\/{rel}","templated":true}]}}