{"id":2164,"date":"2021-08-24T15:36:36","date_gmt":"2021-08-24T15:36:36","guid":{"rendered":"http:\/\/lavereda.com.mx\/?p=2164"},"modified":"2021-08-24T15:36:40","modified_gmt":"2021-08-24T15:36:40","slug":"en-pocas-horas-se-agotan-entradas-para-concierto-de-camerata","status":"publish","type":"post","link":"https:\/\/lavereda.com.mx\/index.php\/2021\/08\/24\/en-pocas-horas-se-agotan-entradas-para-concierto-de-camerata\/","title":{"rendered":"En pocas horas se agotan entradas para concierto de Camerata"},"content":{"rendered":"\n<p>Si alguien dudaba que el p\u00fablico lagunero tiene la necesidad de disfrutar del arte y la cultura, la respuesta a los conciertos de Camerata de Coahuila dicen lo contrario. La orquesta arranc\u00f3 su temporada oto\u00f1o invierno en formato presencial el pasado viernes y a petici\u00f3n de la comunidad en redes sociales, se abri\u00f3 una nueva fecha este pr\u00f3ximo 26 de agosto.<\/p>\n\n\n\n<p>La sorpresa para la orquesta y su personal, es que en tan s\u00f3lo dos horas se agotaron las cortes\u00edas, alrededor de 380 entradas, ya que el Teatro Isauro Mart\u00ednez opera al 50 por ciento de su capacidad. Lo mismo ocurri\u00f3 en la primera fecha. Un signo de aliento para la agrupaci\u00f3n art\u00edstica.<\/p>\n\n\n\n<p>Para esta ocasi\u00f3n, a las 20:30 horas, se presentar\u00e1 el mismo programa del viernes pasado, bajo la direcci\u00f3n de Ram\u00f3n Shade. El primer concierto de la temporada cont\u00f3 con las obras&nbsp;\u201cSinfon\u00eda No. 33 en Si Bemol&nbsp;Mayor, K.319\u201d de&nbsp;W. A. Mozart&nbsp;y \u201cSerenata para instrumentos de viento, Op.44\u201d de&nbsp;Antonin Dvorak.<\/p>\n\n\n\n<p>La Sinfon\u00eda no. 33 en si bemol mayor de Mozart, fue publicada en Viena en 1785 y es una de las pocas sinfon\u00edas publicadas en la vida del compositor. En ella participa la secci\u00f3n de violines, violas, violoncellos, contrabajo y la secci\u00f3n de metales.<\/p>\n\n\n\n<p>De car\u00e1cter ligero la serenata de Dvorak tiene 4 movimientos en los cuales el compositor despliega su ingenio creando melod\u00edas de gran colorido combinando diferentes timbres instrumentales. Aqu\u00ed participan m\u00fasicos de la secci\u00f3n de alientos, metales, violoncello y contrabajo.<\/p>\n\n\n\n<p>Ha sido un a\u00f1o de teatros, museos y galer\u00edas cerradas. Un a\u00f1o de crisis para el sector del arte y la cultura, debido a la pandemia provada por el Covid. Ojal\u00e1 que esta respuesta sea un aliento para todos quienes se dedican a alguna disciplina art\u00edstica.<\/p>\n","protected":false},"excerpt":{"rendered":"<p>Si alguien dudaba que el p\u00fablico lagunero tiene la necesidad de disfrutar del arte y la cultura, la respuesta a los conciertos de Camerata de Coahuila dicen lo contrario. La &hellip; <a href=\"https:\/\/lavereda.com.mx\/index.php\/2021\/08\/24\/en-pocas-horas-se-agotan-entradas-para-concierto-de-camerata\/\" class=\"more-link\">Leer m\u00e1s<\/a><\/p>\n","protected":false},"author":9,"featured_media":2165,"comment_status":"open","ping_status":"open","sticky":false,"template":"","format":"standard","meta":{"footnotes":""},"categories":[18,4],"tags":[],"class_list":["post-2164","post","type-post","status-publish","format-standard","has-post-thumbnail","hentry","category-lomasrelevante","category-musica","entry"],"_links":{"self":[{"href":"https:\/\/lavereda.com.mx\/index.php\/wp-json\/wp\/v2\/posts\/2164","targetHints":{"allow":["GET"]}}],"collection":[{"href":"https:\/\/lavereda.com.mx\/index.php\/wp-json\/wp\/v2\/posts"}],"about":[{"href":"https:\/\/lavereda.com.mx\/index.php\/wp-json\/wp\/v2\/types\/post"}],"author":[{"embeddable":true,"href":"https:\/\/lavereda.com.mx\/index.php\/wp-json\/wp\/v2\/users\/9"}],"replies":[{"embeddable":true,"href":"https:\/\/lavereda.com.mx\/index.php\/wp-json\/wp\/v2\/comments?post=2164"}],"version-history":[{"count":1,"href":"https:\/\/lavereda.com.mx\/index.php\/wp-json\/wp\/v2\/posts\/2164\/revisions"}],"predecessor-version":[{"id":2166,"href":"https:\/\/lavereda.com.mx\/index.php\/wp-json\/wp\/v2\/posts\/2164\/revisions\/2166"}],"wp:featuredmedia":[{"embeddable":true,"href":"https:\/\/lavereda.com.mx\/index.php\/wp-json\/wp\/v2\/media\/2165"}],"wp:attachment":[{"href":"https:\/\/lavereda.com.mx\/index.php\/wp-json\/wp\/v2\/media?parent=2164"}],"wp:term":[{"taxonomy":"category","embeddable":true,"href":"https:\/\/lavereda.com.mx\/index.php\/wp-json\/wp\/v2\/categories?post=2164"},{"taxonomy":"post_tag","embeddable":true,"href":"https:\/\/lavereda.com.mx\/index.php\/wp-json\/wp\/v2\/tags?post=2164"}],"curies":[{"name":"wp","href":"https:\/\/api.w.org\/{rel}","templated":true}]}}