{"id":216,"date":"2020-08-15T04:29:31","date_gmt":"2020-08-15T04:29:31","guid":{"rendered":"https:\/\/web.lavereda.com.mx\/?p=216"},"modified":"2020-08-15T04:29:31","modified_gmt":"2020-08-15T04:29:31","slug":"la-feria-internacional-del-libro-de-coahuila-sera-en-el-2021","status":"publish","type":"post","link":"https:\/\/lavereda.com.mx\/index.php\/2020\/08\/15\/la-feria-internacional-del-libro-de-coahuila-sera-en-el-2021\/","title":{"rendered":"La Feria Internacional del Libro de Coahuila ser\u00e1 en el 2021"},"content":{"rendered":"\n<p>La Secretar\u00eda de Cultura y la Secretar\u00eda de Educaci\u00f3n, en coordinaci\u00f3n con la Universidad Aut\u00f3noma de Coahuila, as\u00ed como la C\u00e1mara Nacional de la Industria Editorial Mexicana, informan que la Feria Internacional del Libro Coahuila se realizar\u00e1 en abril del 2021.<\/p>\n\n\n\n<hr class=\"wp-block-separator\" id=\"system-readmore\"\/>\n\n\n\n<p>Al respecto, la Secretar\u00eda de Cultura del Estado (SC), Ana Sof\u00eda Garc\u00eda Camil, expres\u00f3 que la seguridad y salud de los asistentes, al igual que la de todos aquellos que participan de esta importante feria literaria, es una prioridad para el Gobierno de Miguel \u00c1ngel Riquelme Sol\u00eds.<\/p>\n\n\n\n<p>\u201cSabemos que la FILC es ya un referente cultural de la regi\u00f3n noreste del Pa\u00eds, y queremos que siga as\u00ed. Es por esto que es de suma importancia que \u00e9sta se realice bajo los lineamientos que prioricen el bienestar de las y los coahuilenses\u201d, expres\u00f3.<\/p>\n\n\n\n<p>Asimismo, coment\u00f3 que despu\u00e9s de evaluar de manera conjunta con todos los organismos coorganizadores, se ha llegado a la conclusi\u00f3n de que la situaci\u00f3n actual de la pandemia por Covid-19 no permite que existan las condiciones para realizar la 23 Edici\u00f3n de la Feria Internacional del Libro Coahuila de manera presencial.<\/p>\n\n\n\n<p>Por lo anterior, se integr\u00f3 un programa literario y art\u00edstico de gran nivel en el que Italia, Oaxaca y la Academia Mexicana de la Lengua, son el Pa\u00eds, Estado e instituci\u00f3n invitados de honor, por lo que para garantizar al p\u00fablico en general y a los expositores las condiciones que permitan el pleno disfrute y desarrollo de una iniciativa cultural de este nivel, que ya es una referencia a nivel nacional, se ha decidido trasladar esta edici\u00f3n de la feria y la participaci\u00f3n de sus invitados al mes de abril del 2021 (del 22 de abril al 02 de mayo), a fin de que todos los asistentes disfruten de las bondades de este encuentro de las letras y las artes.<\/p>\n\n\n\n<p>Durante el mes de septiembre y con el objetivo de desarrollar un espacio para la difusi\u00f3n literaria, el fomento a la lectura y el acceso al libro se desarrollar\u00e1 la siguiente iniciativa: \u00abLeerte cerca, encuentro virtual de fomento a la lectura y el libro\u00bb.<\/p>\n\n\n\n<p>Esta iniciativa se integra por presentaciones de libro, charlas y conversatorios, conferencias, talleres y un expo venta editorial, todo en el formato virtual.<\/p>\n\n\n\n<p>Participar\u00e1n autores coahuilenses y autores nacionales y extranjeros, algunos de ellos ya integrados al programa de la Feria del Libro, pero que en este espacio tendr\u00e1n participaci\u00f3n a distancia.<\/p>\n\n\n\n<p>Conscientes de la inversi\u00f3n que diversos expositores realizaron en la Feria del Libro para la compra de espacios para venta de libros y productos, la organizaci\u00f3n de la Feria garantizar\u00e1 que se respetar\u00e1 en las mismas condiciones de participaci\u00f3n el espacio adquirido.<\/p>\n\n\n\n<p>Para la organizaci\u00f3n de la feria es prioritaria la salud y seguridad de todos sus participantes, este es el principal factor a tomar en cuenta a la hora de tomar esta decisi\u00f3n que ahora se comparte.<\/p>\n\n\n\n<blockquote class=\"wp-block-quote is-layout-flow wp-block-quote-is-layout-flow\"><p>En este sentido, Garc\u00eda Camil enfatiz\u00f3: \u201cEsta variaci\u00f3n en el calendario programado que ten\u00edamos previsto se ha visto afectada por la contingencia sanitaria actual (COVID19); como dependencia cultural hemos sido respetuosos de los protocolos establecidos por la Organizaci\u00f3n Mundial de la Salud (OMS), los gobiernos Federal y Estatal, as\u00ed como de las autoridades en materia de salud\u201d.<\/p><\/blockquote>\n\n\n\n<p>\u201cPr\u00f3ximamente, con \u2018Leerte cerca, encuentro virtual de fomento a la lectura y el libro\u2019, que ser\u00e1 totalmente virtual, se mantiene la actividad literaria en la entidad\u201d.<\/p>\n\n\n\n<p>Finalmente, agradeci\u00f3 y reconoci\u00f3 la comprensi\u00f3n de todos aquellos que hacen posible que la Feria Internacional del Libro Coahuila se mantenga como una de las mejores del Pa\u00eds.<\/p>\n\n\n\n<p>\u201cRecordemos que trabajamos en inter\u00e9s de todos aquellos que disfrutan la gran fiesta de las letras, que es la FILC, anteponiendo siempre su bienestar y seguridad. Gracias a todos por la comprensi\u00f3n y solidaridad, el gran trabajo que todos realizan se ver\u00e1 reflejado el pr\u00f3ximo a\u00f1o en un evento cultural de calidad\u201d.<\/p>\n","protected":false},"excerpt":{"rendered":"<p>La Secretar\u00eda de Cultura y la Secretar\u00eda de Educaci\u00f3n, en coordinaci\u00f3n con la Universidad Aut\u00f3noma de Coahuila, as\u00ed como la C\u00e1mara Nacional de la Industria Editorial Mexicana, informan que la Feria Internacional del Libro Coahuila se realizar\u00e1 en abril del 2021.<\/p>\n","protected":false},"author":1,"featured_media":218,"comment_status":"open","ping_status":"open","sticky":false,"template":"","format":"standard","meta":{"footnotes":""},"categories":[5],"tags":[],"class_list":["post-216","post","type-post","status-publish","format-standard","has-post-thumbnail","hentry","category-letras-y-libros","entry"],"_links":{"self":[{"href":"https:\/\/lavereda.com.mx\/index.php\/wp-json\/wp\/v2\/posts\/216","targetHints":{"allow":["GET"]}}],"collection":[{"href":"https:\/\/lavereda.com.mx\/index.php\/wp-json\/wp\/v2\/posts"}],"about":[{"href":"https:\/\/lavereda.com.mx\/index.php\/wp-json\/wp\/v2\/types\/post"}],"author":[{"embeddable":true,"href":"https:\/\/lavereda.com.mx\/index.php\/wp-json\/wp\/v2\/users\/1"}],"replies":[{"embeddable":true,"href":"https:\/\/lavereda.com.mx\/index.php\/wp-json\/wp\/v2\/comments?post=216"}],"version-history":[{"count":1,"href":"https:\/\/lavereda.com.mx\/index.php\/wp-json\/wp\/v2\/posts\/216\/revisions"}],"predecessor-version":[{"id":225,"href":"https:\/\/lavereda.com.mx\/index.php\/wp-json\/wp\/v2\/posts\/216\/revisions\/225"}],"wp:featuredmedia":[{"embeddable":true,"href":"https:\/\/lavereda.com.mx\/index.php\/wp-json\/wp\/v2\/media\/218"}],"wp:attachment":[{"href":"https:\/\/lavereda.com.mx\/index.php\/wp-json\/wp\/v2\/media?parent=216"}],"wp:term":[{"taxonomy":"category","embeddable":true,"href":"https:\/\/lavereda.com.mx\/index.php\/wp-json\/wp\/v2\/categories?post=216"},{"taxonomy":"post_tag","embeddable":true,"href":"https:\/\/lavereda.com.mx\/index.php\/wp-json\/wp\/v2\/tags?post=216"}],"curies":[{"name":"wp","href":"https:\/\/api.w.org\/{rel}","templated":true}]}}