{"id":2157,"date":"2021-08-23T23:22:04","date_gmt":"2021-08-23T23:22:04","guid":{"rendered":"http:\/\/lavereda.com.mx\/?p=2157"},"modified":"2021-08-24T02:01:29","modified_gmt":"2021-08-24T02:01:29","slug":"victor-rodrigo-estara-en-el-teatro-isauro-martinez-en-concierto","status":"publish","type":"post","link":"https:\/\/lavereda.com.mx\/index.php\/2021\/08\/23\/victor-rodrigo-estara-en-el-teatro-isauro-martinez-en-concierto\/","title":{"rendered":"Ofrecen velada de piano y voz en el Teatro Isauro Mart\u00ednez"},"content":{"rendered":"\n<p>Un \u00edntimo concierto de piano y voz es el que ofrecer\u00e1 el cantante V\u00edctor Rodrigo (bajo), acompa\u00f1ado de la maestra Mariana Chabukiani al piano, y como solistas invitadas, se contar\u00e1 con la participaci\u00f3n de Mar\u00eda Teresa Wong Robles (soprano) y la mezzosoprano Mariana Sof\u00eda. Cuatro talentos que se unen en el escenario del Teatro Isauro Mart\u00ednez, el mi\u00e9rcoles 25 de agosto de 2021 a las 20:00 horas&nbsp;&nbsp;&nbsp;&nbsp;&nbsp;&nbsp;&nbsp;&nbsp;&nbsp;&nbsp;&nbsp;&nbsp;&nbsp;&nbsp;&nbsp;&nbsp;&nbsp;&nbsp;&nbsp;&nbsp;&nbsp;&nbsp;&nbsp;&nbsp;&nbsp;&nbsp;&nbsp;&nbsp;&nbsp;&nbsp;&nbsp;&nbsp;&nbsp;&nbsp;&nbsp;&nbsp;&nbsp;&nbsp;&nbsp;&nbsp;&nbsp;&nbsp;&nbsp;&nbsp;&nbsp;&nbsp;&nbsp;&nbsp;&nbsp;&nbsp;&nbsp;&nbsp;&nbsp;&nbsp;&nbsp;&nbsp;&nbsp;&nbsp;&nbsp;&nbsp;&nbsp;&nbsp;&nbsp;&nbsp;&nbsp;&nbsp;&nbsp;&nbsp;&nbsp;&nbsp;&nbsp;&nbsp;&nbsp;&nbsp;&nbsp;&nbsp;&nbsp;&nbsp;&nbsp;&nbsp;&nbsp;&nbsp;&nbsp;&nbsp;&nbsp;&nbsp;&nbsp;&nbsp;&nbsp;&nbsp;&nbsp;&nbsp;&nbsp;.&nbsp;&nbsp;&nbsp;&nbsp;&nbsp;&nbsp;&nbsp;&nbsp;&nbsp;&nbsp;&nbsp;&nbsp;&nbsp;&nbsp;&nbsp;&nbsp;&nbsp;&nbsp;&nbsp;&nbsp;&nbsp;&nbsp;&nbsp;&nbsp;&nbsp;&nbsp;&nbsp;&nbsp;&nbsp;&nbsp;&nbsp;&nbsp;&nbsp;&nbsp;&nbsp;&nbsp;&nbsp;&nbsp;&nbsp;&nbsp;&nbsp;&nbsp;&nbsp;&nbsp;&nbsp;&nbsp;&nbsp;&nbsp;&nbsp;&nbsp;&nbsp;&nbsp;&nbsp;&nbsp;&nbsp;&nbsp;&nbsp;&nbsp;&nbsp;&nbsp;&nbsp;&nbsp;&nbsp;&nbsp;&nbsp;&nbsp;&nbsp;&nbsp;&nbsp;&nbsp;&nbsp;&nbsp;&nbsp;&nbsp;&nbsp;&nbsp;&nbsp;&nbsp;&nbsp;&nbsp;<br>El concierto presencial es organizado por la Direcci\u00f3n de Cultura de Torre\u00f3n, con cupo limitado del aforo de teatro (50%), tendr\u00e1 acceso libre con boleto de cortes\u00eda, los cuales se pueden obtener en las oficinas de la dependencia, ubicadas en Ju\u00e1rez esquina con calzada Col\u00f3n, en un horario de lunes a viernes de 8 am a 3 pm.<\/p>\n\n\n\n<p>Cl\u00e1sicos del bel canto, arias, canciones rusas, mexicanas e italianas acompa\u00f1adas de piano, como La ci darem la mano W Mozart, VecchiaZimarra &#8211; Giacomo Puccini, La Calunnia &#8211; Barbero de Sevilla De Gioachino, Toreador &#8211; Carmen G Bizet entre otras piezas, son parte del programa que har\u00e1n de esta, una noche muy especial para todos sus asistentes.<\/p>\n\n\n\n<p>Con este concierto, V\u00edctor Rodrigo se despide por un tiempo de su tierra, ya que en las pr\u00f3ximas semanas emprender\u00e1 una traves\u00eda en ciudades como Roma y Nueva York, donde continuar\u00e1 con su formaci\u00f3n profesional y art\u00edstica.<\/p>\n\n\n\n<p>&nbsp;&nbsp;&nbsp;&nbsp;&nbsp;&nbsp;&nbsp;&nbsp;&nbsp;&nbsp;&nbsp;&nbsp;&nbsp;&nbsp;&nbsp;&nbsp;&nbsp;&nbsp;&nbsp;&nbsp;&nbsp;&nbsp;&nbsp;&nbsp;&nbsp;&nbsp;&nbsp;&nbsp;&nbsp;&nbsp;&nbsp;&nbsp;&nbsp;&nbsp;&nbsp;&nbsp;&nbsp;&nbsp;&nbsp;&nbsp;&nbsp;&nbsp; &nbsp;&nbsp;&nbsp;&nbsp;&nbsp;&nbsp;&nbsp;&nbsp;&nbsp;&nbsp;&nbsp;&nbsp;&nbsp;&nbsp;&nbsp;&nbsp;&nbsp;&nbsp;&nbsp;&nbsp;&nbsp;&nbsp;<\/p>\n","protected":false},"excerpt":{"rendered":"<p>Un \u00edntimo concierto de piano y voz es el que ofrecer\u00e1 el cantante V\u00edctor Rodrigo (bajo), acompa\u00f1ado de la maestra Mariana Chabukiani al piano, y como solistas invitadas, se contar\u00e1 &hellip; <a href=\"https:\/\/lavereda.com.mx\/index.php\/2021\/08\/23\/victor-rodrigo-estara-en-el-teatro-isauro-martinez-en-concierto\/\" class=\"more-link\">Leer m\u00e1s<\/a><\/p>\n","protected":false},"author":1,"featured_media":2158,"comment_status":"open","ping_status":"open","sticky":false,"template":"","format":"standard","meta":{"footnotes":""},"categories":[18,4],"tags":[],"class_list":["post-2157","post","type-post","status-publish","format-standard","has-post-thumbnail","hentry","category-lomasrelevante","category-musica","entry"],"_links":{"self":[{"href":"https:\/\/lavereda.com.mx\/index.php\/wp-json\/wp\/v2\/posts\/2157","targetHints":{"allow":["GET"]}}],"collection":[{"href":"https:\/\/lavereda.com.mx\/index.php\/wp-json\/wp\/v2\/posts"}],"about":[{"href":"https:\/\/lavereda.com.mx\/index.php\/wp-json\/wp\/v2\/types\/post"}],"author":[{"embeddable":true,"href":"https:\/\/lavereda.com.mx\/index.php\/wp-json\/wp\/v2\/users\/1"}],"replies":[{"embeddable":true,"href":"https:\/\/lavereda.com.mx\/index.php\/wp-json\/wp\/v2\/comments?post=2157"}],"version-history":[{"count":4,"href":"https:\/\/lavereda.com.mx\/index.php\/wp-json\/wp\/v2\/posts\/2157\/revisions"}],"predecessor-version":[{"id":2163,"href":"https:\/\/lavereda.com.mx\/index.php\/wp-json\/wp\/v2\/posts\/2157\/revisions\/2163"}],"wp:featuredmedia":[{"embeddable":true,"href":"https:\/\/lavereda.com.mx\/index.php\/wp-json\/wp\/v2\/media\/2158"}],"wp:attachment":[{"href":"https:\/\/lavereda.com.mx\/index.php\/wp-json\/wp\/v2\/media?parent=2157"}],"wp:term":[{"taxonomy":"category","embeddable":true,"href":"https:\/\/lavereda.com.mx\/index.php\/wp-json\/wp\/v2\/categories?post=2157"},{"taxonomy":"post_tag","embeddable":true,"href":"https:\/\/lavereda.com.mx\/index.php\/wp-json\/wp\/v2\/tags?post=2157"}],"curies":[{"name":"wp","href":"https:\/\/api.w.org\/{rel}","templated":true}]}}