{"id":2153,"date":"2021-08-23T21:31:40","date_gmt":"2021-08-23T21:31:40","guid":{"rendered":"http:\/\/lavereda.com.mx\/?p=2153"},"modified":"2021-08-24T16:09:07","modified_gmt":"2021-08-24T16:09:07","slug":"papel-color-y-tinta-una-evolucion-iconografica-del-cine-mexicano","status":"publish","type":"post","link":"https:\/\/lavereda.com.mx\/index.php\/2021\/08\/23\/papel-color-y-tinta-una-evolucion-iconografica-del-cine-mexicano\/","title":{"rendered":"\u201cPapel, color y tinta\u201d una evoluci\u00f3n iconogr\u00e1fica del cine mexicano"},"content":{"rendered":"\n<p>\u00abPapel, Color y tinta\u00bb es la exposici\u00f3n de cuarenta y ocho carteles cinematogr\u00e1ficos que est\u00e1n resguardados por el acervo del Imcine, y es una\u00a0 exposici\u00f3n que forma parte de las actividades en torno a la celebraci\u00f3n por el D\u00eda Nacional del Cine Mexicano 2021. Entre los materiales se encuentran carteles de cintas del director Felipe Cazals, como parte del homenaje \u201cCiclo Ruta Cazals\u201d<\/p>\n\n\n\n<p>Adem\u00e1s est\u00e1 conformada por una selecci\u00f3n de carteles que han sido testigos de la evoluci\u00f3n iconogr\u00e1fica y est\u00e9tica de una \u00e9poca, y que representan una parte de la historia del cine mexicano, la exhibici\u00f3n, que forma parte de las actividades de #Contigoenladistancia, busca acercar al p\u00fablico mexicano y extranjero los materiales iconogr\u00e1ficos que resguarda su acervo y que forman parte de la memoria f\u00edlmica del pa\u00eds.<\/p>\n\n\n\n<p>\u201cImcine muestra una parte del importante acervo que resguarda. \u2018Papel, color y tinta\u00b4 ya est\u00e1 disponible para que todas las audiencias, sin l\u00edmite de horario o de cupo la disfruten\u201d, coment\u00f3 la secretaria de Cultura del Gobierno de M\u00e9xico, Alejandra Frausto Guerrero.<\/p>\n\n\n\n<p>\u201cPapel, color y tinta\u201d se divide en dos colecciones. La primera, disponible al p\u00fablico a partir del 25 de agosto, est\u00e1 compuesta por 30 carteles de pel\u00edculas estrenadas entre 1939 y 1959. Entre estos se encuentran los de cintas como Los viejos somos as\u00ed (Joaqu\u00edn Pardav\u00e9, 1948), La posesi\u00f3n (Julio Bracho, 1949), Una cita de amor (Emilio Fern\u00e1ndez, 1956) y Los ambiciosos (Luis Bu\u00f1uel, 1959), por mencionar algunas.<\/p>\n\n\n\n<p>La segunda colecci\u00f3n de la muestra se centra en los carteles de las pel\u00edculas del director mexicano Felipe Cazals, como parte del homenaje \u201cCiclo Ruta Cazals\u201d, que este a\u00f1o es el eje de la programaci\u00f3n con la que el Imcine celebra el D\u00eda Nacional del Cine Mexicano. Disponible a partir del 8 de septiembre, esta secci\u00f3n de la exposici\u00f3n exhibir\u00e1 18 carteles de los largometrajes m\u00e1s importantes de la brillante carrera del cineasta.<\/p>\n\n\n\n<p>El acervo iconogr\u00e1fico del Imcine, que comenz\u00f3 a formarse desde su fundaci\u00f3n en 1983, es una de las colecciones m\u00e1s valiosas e importantes de la historia cinematogr\u00e1fica de M\u00e9xico. Tiene en su haber m\u00e1s de 400 mil piezas, como carteles, fotograf\u00edas, fotomontajes, originales de m\u00e1quina, mini carteles y postales que resguardan la memoria visual alrededor de la historia del cine mexicano.<\/p>\n\n\n\n<p>Su preservaci\u00f3n y mantenimiento est\u00e1 dedicado a que investigadores, estudiantes y todo p\u00fablico interesado se acerque a conocer la memoria viva del cine nacional tambi\u00e9n a trav\u00e9s de las im\u00e1genes.<\/p>\n\n\n\n<p>La segunda exposici\u00f3n virtual del Acervo del Instituto Mexicano de Cinematograf\u00eda estar\u00e1 disponible en www.imcine.gob.mx\/acervo y en contigoenladistancia.cultura.gob.mx<\/p>\n\n\n\n<p>Para m\u00e1s informaci\u00f3n sigue las redes sociales de la Secretar\u00eda de Cultura en Twitter (@cultura_mx), Facebook (SecretariaCulturaMX) e Instagram (@culturamx).<\/p>\n","protected":false},"excerpt":{"rendered":"<p>\u00abPapel, Color y tinta\u00bb es la exposici\u00f3n de cuarenta y ocho carteles cinematogr\u00e1ficos que est\u00e1n resguardados por el acervo del Imcine, y es una\u00a0 exposici\u00f3n que forma parte de las &hellip; <a href=\"https:\/\/lavereda.com.mx\/index.php\/2021\/08\/23\/papel-color-y-tinta-una-evolucion-iconografica-del-cine-mexicano\/\" class=\"more-link\">Leer m\u00e1s<\/a><\/p>\n","protected":false},"author":14,"featured_media":2156,"comment_status":"open","ping_status":"open","sticky":false,"template":"","format":"standard","meta":{"footnotes":""},"categories":[3,18],"tags":[],"class_list":["post-2153","post","type-post","status-publish","format-standard","has-post-thumbnail","hentry","category-artes-visuales","category-lomasrelevante","entry"],"_links":{"self":[{"href":"https:\/\/lavereda.com.mx\/index.php\/wp-json\/wp\/v2\/posts\/2153","targetHints":{"allow":["GET"]}}],"collection":[{"href":"https:\/\/lavereda.com.mx\/index.php\/wp-json\/wp\/v2\/posts"}],"about":[{"href":"https:\/\/lavereda.com.mx\/index.php\/wp-json\/wp\/v2\/types\/post"}],"author":[{"embeddable":true,"href":"https:\/\/lavereda.com.mx\/index.php\/wp-json\/wp\/v2\/users\/14"}],"replies":[{"embeddable":true,"href":"https:\/\/lavereda.com.mx\/index.php\/wp-json\/wp\/v2\/comments?post=2153"}],"version-history":[{"count":2,"href":"https:\/\/lavereda.com.mx\/index.php\/wp-json\/wp\/v2\/posts\/2153\/revisions"}],"predecessor-version":[{"id":2168,"href":"https:\/\/lavereda.com.mx\/index.php\/wp-json\/wp\/v2\/posts\/2153\/revisions\/2168"}],"wp:featuredmedia":[{"embeddable":true,"href":"https:\/\/lavereda.com.mx\/index.php\/wp-json\/wp\/v2\/media\/2156"}],"wp:attachment":[{"href":"https:\/\/lavereda.com.mx\/index.php\/wp-json\/wp\/v2\/media?parent=2153"}],"wp:term":[{"taxonomy":"category","embeddable":true,"href":"https:\/\/lavereda.com.mx\/index.php\/wp-json\/wp\/v2\/categories?post=2153"},{"taxonomy":"post_tag","embeddable":true,"href":"https:\/\/lavereda.com.mx\/index.php\/wp-json\/wp\/v2\/tags?post=2153"}],"curies":[{"name":"wp","href":"https:\/\/api.w.org\/{rel}","templated":true}]}}