{"id":2125,"date":"2021-08-19T21:28:07","date_gmt":"2021-08-19T21:28:07","guid":{"rendered":"http:\/\/lavereda.com.mx\/?p=2125"},"modified":"2021-08-19T21:28:10","modified_gmt":"2021-08-19T21:28:10","slug":"celebra-museo-arocena-dia-mundial-de-la-fotografia","status":"publish","type":"post","link":"https:\/\/lavereda.com.mx\/index.php\/2021\/08\/19\/celebra-museo-arocena-dia-mundial-de-la-fotografia\/","title":{"rendered":"Celebra Museo Arocena d\u00eda Mundial de la fotograf\u00eda"},"content":{"rendered":"\n<p>El d\u00eda 19 de agosto se celebra el <a href=\"https:\/\/www.facebook.com\/hashtag\/d%C3%ADamundialdelafotograf%C3%ADa?__eep__=6&amp;__cft__%5b0%5d=AZWcEvsfdjlz5JLppqdFKFVhrB8xQK_3kjhu8iNlouaxfuTpnG_cZ4zP1RbB4_pFLNda7tLrEWhmU8QZUMy2mG4fQKPqm64wMDUBfca3a-ZCv4WUJTIK6n01cABkXyIOCq1M8pQhsB_2puYWbhXYLpa1bJo4U-EnQGhcfJdSIKafcDNn307_29Km9CAz_B4AL-Y&amp;__tn__=*NK-R\">#D\u00edaMundialdelaFotograf\u00eda<\/a> y el museo arocena lo celebra present\u00e1ndo al fot\u00f3grafo Werner Segarra, cuya exposici\u00f3n \u201cVaqueros de la Cruz del Diablo\u201d se inaugurar\u00e1 la pr\u00f3xima semana como parte de sus festejos del <a href=\"https:\/\/www.facebook.com\/hashtag\/15aniversario?__eep__=6&amp;__cft__%5b0%5d=AZWcEvsfdjlz5JLppqdFKFVhrB8xQK_3kjhu8iNlouaxfuTpnG_cZ4zP1RbB4_pFLNda7tLrEWhmU8QZUMy2mG4fQKPqm64wMDUBfca3a-ZCv4WUJTIK6n01cABkXyIOCq1M8pQhsB_2puYWbhXYLpa1bJo4U-EnQGhcfJdSIKafcDNn307_29Km9CAz_B4AL-Y&amp;__tn__=*NK-R\">#15aniversario<\/a>.<\/p>\n\n\n\n<p><a href=\"https:\/\/www.facebook.com\/werner.segarra?__cft__%5b0%5d=AZWcEvsfdjlz5JLppqdFKFVhrB8xQK_3kjhu8iNlouaxfuTpnG_cZ4zP1RbB4_pFLNda7tLrEWhmU8QZUMy2mG4fQKPqm64wMDUBfca3a-ZCv4WUJTIK6n01cABkXyIOCq1M8pQhsB_2puYWbhXYLpa1bJo4U-EnQGhcfJdSIKafcDNn307_29Km9CAz_B4AL-Y&amp;__tn__=-%5dK-R\">Werner Segarra<\/a> es uno de los fot\u00f3grafos m\u00e1s c\u00e9lebres del Sur Oeste de Estados Unidos de Norteam\u00e9rica; su trabajo ha aparecido en destacadas publicaciones y revistas.<\/p>\n\n\n\n<p>Vivi\u00f3 su infancia y adolescencia en diferentes pa\u00edses, lo que le ayud\u00f3 a cultivar su sensibilidad art\u00edstica y el respeto por las culturas nativas.<\/p>\n\n\n\n<p>Desde peque\u00f1o, el fot\u00f3grafo puertorrique\u00f1o Werner Segarra sinti\u00f3 una gran fascinaci\u00f3n por los vaqueros. Pero fue hasta que visit\u00f3 la Sierra Alta de Sonora, a los 14 a\u00f1os que descubri\u00f3 el lugar ideal para retratarlos: Hausabas, un peque\u00f1o pueblo enclavado en las monta\u00f1as de la Sierra Madre de Sonora.<\/p>\n\n\n\n<div class=\"wp-block-image\"><figure class=\"aligncenter size-large is-resized\"><img fetchpriority=\"high\" decoding=\"async\" src=\"https:\/\/lavereda.com.mx\/wp-content\/uploads\/2021\/08\/werner-segarra-viajo-frontera-mexico_thumb_586_348.jpg\" alt=\"\" class=\"wp-image-2128\" width=\"358\" height=\"202\" srcset=\"https:\/\/lavereda.com.mx\/wp-content\/uploads\/2021\/08\/werner-segarra-viajo-frontera-mexico_thumb_586_348.jpg 618w, https:\/\/lavereda.com.mx\/wp-content\/uploads\/2021\/08\/werner-segarra-viajo-frontera-mexico_thumb_586_348-300x169.jpg 300w\" sizes=\"(max-width: 358px) 100vw, 358px\" \/><\/figure><\/div>\n\n\n\n<p>Se introdujo en el \u00e1mbito del vaquero norte\u00f1o como estudiante de intercambio y con el tiempo busc\u00f3 compartir su amor y respeto por esta comunidad a trav\u00e9s de su fotograf\u00eda.<\/p>\n\n\n\n<div class=\"wp-block-image\"><figure class=\"aligncenter size-large is-resized\"><img decoding=\"async\" src=\"https:\/\/lavereda.com.mx\/wp-content\/uploads\/2021\/08\/238593016_2913187505601041_4117023299469964918_n.jpg\" alt=\"\" class=\"wp-image-2126\" width=\"325\" height=\"325\" srcset=\"https:\/\/lavereda.com.mx\/wp-content\/uploads\/2021\/08\/238593016_2913187505601041_4117023299469964918_n.jpg 640w, https:\/\/lavereda.com.mx\/wp-content\/uploads\/2021\/08\/238593016_2913187505601041_4117023299469964918_n-300x300.jpg 300w, https:\/\/lavereda.com.mx\/wp-content\/uploads\/2021\/08\/238593016_2913187505601041_4117023299469964918_n-150x150.jpg 150w\" sizes=\"(max-width: 325px) 100vw, 325px\" \/><\/figure><\/div>\n\n\n\n<p>El proyecto abarca 20 a\u00f1os de la vida de los pobladores, a quienes primero tuvo que ganar su confianza para poder capturar su esencia.<\/p>\n\n\n\n<p>Todo esto y m\u00e1s podr\u00e1s conocer en la inauguraci\u00f3n en el Museo Arocena el pr\u00f3ximo jueves 26 de agosto a las 7:00pm donde se contar\u00e1 con la presencia del fot\u00f3grafo.<\/p>\n","protected":false},"excerpt":{"rendered":"<p>El d\u00eda 19 de agosto se celebra el #D\u00edaMundialdelaFotograf\u00eda y el museo arocena lo celebra present\u00e1ndo al fot\u00f3grafo Werner Segarra, cuya exposici\u00f3n \u201cVaqueros de la Cruz del Diablo\u201d se inaugurar\u00e1 &hellip; <a href=\"https:\/\/lavereda.com.mx\/index.php\/2021\/08\/19\/celebra-museo-arocena-dia-mundial-de-la-fotografia\/\" class=\"more-link\">Leer m\u00e1s<\/a><\/p>\n","protected":false},"author":14,"featured_media":2127,"comment_status":"open","ping_status":"open","sticky":false,"template":"","format":"standard","meta":{"footnotes":""},"categories":[3,18],"tags":[],"class_list":["post-2125","post","type-post","status-publish","format-standard","has-post-thumbnail","hentry","category-artes-visuales","category-lomasrelevante","entry"],"_links":{"self":[{"href":"https:\/\/lavereda.com.mx\/index.php\/wp-json\/wp\/v2\/posts\/2125","targetHints":{"allow":["GET"]}}],"collection":[{"href":"https:\/\/lavereda.com.mx\/index.php\/wp-json\/wp\/v2\/posts"}],"about":[{"href":"https:\/\/lavereda.com.mx\/index.php\/wp-json\/wp\/v2\/types\/post"}],"author":[{"embeddable":true,"href":"https:\/\/lavereda.com.mx\/index.php\/wp-json\/wp\/v2\/users\/14"}],"replies":[{"embeddable":true,"href":"https:\/\/lavereda.com.mx\/index.php\/wp-json\/wp\/v2\/comments?post=2125"}],"version-history":[{"count":1,"href":"https:\/\/lavereda.com.mx\/index.php\/wp-json\/wp\/v2\/posts\/2125\/revisions"}],"predecessor-version":[{"id":2129,"href":"https:\/\/lavereda.com.mx\/index.php\/wp-json\/wp\/v2\/posts\/2125\/revisions\/2129"}],"wp:featuredmedia":[{"embeddable":true,"href":"https:\/\/lavereda.com.mx\/index.php\/wp-json\/wp\/v2\/media\/2127"}],"wp:attachment":[{"href":"https:\/\/lavereda.com.mx\/index.php\/wp-json\/wp\/v2\/media?parent=2125"}],"wp:term":[{"taxonomy":"category","embeddable":true,"href":"https:\/\/lavereda.com.mx\/index.php\/wp-json\/wp\/v2\/categories?post=2125"},{"taxonomy":"post_tag","embeddable":true,"href":"https:\/\/lavereda.com.mx\/index.php\/wp-json\/wp\/v2\/tags?post=2125"}],"curies":[{"name":"wp","href":"https:\/\/api.w.org\/{rel}","templated":true}]}}