{"id":2116,"date":"2021-08-19T01:25:59","date_gmt":"2021-08-19T01:25:59","guid":{"rendered":"http:\/\/lavereda.com.mx\/?p=2116"},"modified":"2021-08-19T23:19:18","modified_gmt":"2021-08-19T23:19:18","slug":"conoce-un-poco-de-la-nueva-produccion-de-ximena-sarinana","status":"publish","type":"post","link":"https:\/\/lavereda.com.mx\/index.php\/2021\/08\/19\/conoce-un-poco-de-la-nueva-produccion-de-ximena-sarinana\/","title":{"rendered":"Conoce un poco de la nueva producci\u00f3n de Ximena Sari\u00f1ana"},"content":{"rendered":"\n<p>La cantautora tapat\u00eda Ximena Sari\u00f1ana estrenar\u00e1 su nueva producci\u00f3n llamada \u201cAmor Adolescente\u201d pero antes de que llegue, nos muestra un poco de su trabajo con su reciente sencillo.<\/p>\n\n\n\n<p><a href=\"https:\/\/www.instagram.com\/ximenamusic\/\">Ximena Sari\u00f1ana&nbsp;<\/a>es muy creativa en las letras de sus canciones y nos sigue sorprendiendo con su&nbsp; m\u00fasica, en especial a sus fans, este a\u00f1o present\u00f3 temas memorables como \u201cA No Llorar\u201d, en donde proyecta empoderamiento femenino, \u201cAqu\u00ed no hay Pena\u201d una cancion estilo documental, y \u201cOn The Divide\u201d que fue presentada en la \u00faltima edici\u00f3n del Festival de Cine de Tribeca en Nueva York.<\/p>\n\n\n\n<p>En \u00e9ste \u00faltimo sencillo Ximena busc\u00f3 plasmar su m\u00fasica con un sonido un poco diferente a lo habitual, este g\u00e9nero no es ajeno a la cantante, raz\u00f3n por la que naci\u00f3&nbsp;\u201cMr. Carisma\u201d, pues ya colabor\u00f3 con Los \u00c1ngeles Azules en el tema \u201cMis Sentimientos\u201d esto le dio el paso para ser nominada a un Latin Grammy; la canci\u00f3n ya tiene m\u00e1s de mil millones de reproducciones en YouTube, y fue un motivo m\u00e1s por el que se aventur\u00f3 a escribir la primera cumbia de su carrera.<\/p>\n\n\n\n<div class=\"wp-block-image\"><figure class=\"aligncenter size-large is-resized\"><img fetchpriority=\"high\" decoding=\"async\" src=\"https:\/\/lavereda.com.mx\/wp-content\/uploads\/2021\/08\/portada-ximena.jpg\" alt=\"\" class=\"wp-image-2118\" width=\"441\" height=\"268\" srcset=\"https:\/\/lavereda.com.mx\/wp-content\/uploads\/2021\/08\/portada-ximena.jpg 1018w, https:\/\/lavereda.com.mx\/wp-content\/uploads\/2021\/08\/portada-ximena-300x183.jpg 300w, https:\/\/lavereda.com.mx\/wp-content\/uploads\/2021\/08\/portada-ximena-768x468.jpg 768w\" sizes=\"(max-width: 441px) 100vw, 441px\" \/><\/figure><\/div>\n\n\n\n<p>Para escribir \u201cMr. Carisma\u201d estuvo acompa\u00f1ada de Ali Stone y Claudia Brant, y fue dirigida en producci\u00f3n por Marian Ruzzi, con quien ya trabajo en el tema \u201cCari\u00f1ito\u201d. El sencillo cuenta con video oficial, y las encargadas de darle vida a la parte visual fue por las chicas de Flaminguettes, conformado por Mara Soler y Daniela Villanueva. Esperemos buenas cr\u00edticas para la cantante, y que pueda ser nominada a varios grammys<\/p>\n","protected":false},"excerpt":{"rendered":"<p>La cantautora tapat\u00eda Ximena Sari\u00f1ana estrenar\u00e1 su nueva producci\u00f3n llamada \u201cAmor Adolescente\u201d pero antes de que llegue, nos muestra un poco de su trabajo con su reciente sencillo. Ximena Sari\u00f1ana&nbsp;es &hellip; <a href=\"https:\/\/lavereda.com.mx\/index.php\/2021\/08\/19\/conoce-un-poco-de-la-nueva-produccion-de-ximena-sarinana\/\" class=\"more-link\">Leer m\u00e1s<\/a><\/p>\n","protected":false},"author":14,"featured_media":2131,"comment_status":"open","ping_status":"open","sticky":false,"template":"","format":"standard","meta":{"footnotes":""},"categories":[18,4],"tags":[],"class_list":["post-2116","post","type-post","status-publish","format-standard","has-post-thumbnail","hentry","category-lomasrelevante","category-musica","entry"],"_links":{"self":[{"href":"https:\/\/lavereda.com.mx\/index.php\/wp-json\/wp\/v2\/posts\/2116","targetHints":{"allow":["GET"]}}],"collection":[{"href":"https:\/\/lavereda.com.mx\/index.php\/wp-json\/wp\/v2\/posts"}],"about":[{"href":"https:\/\/lavereda.com.mx\/index.php\/wp-json\/wp\/v2\/types\/post"}],"author":[{"embeddable":true,"href":"https:\/\/lavereda.com.mx\/index.php\/wp-json\/wp\/v2\/users\/14"}],"replies":[{"embeddable":true,"href":"https:\/\/lavereda.com.mx\/index.php\/wp-json\/wp\/v2\/comments?post=2116"}],"version-history":[{"count":2,"href":"https:\/\/lavereda.com.mx\/index.php\/wp-json\/wp\/v2\/posts\/2116\/revisions"}],"predecessor-version":[{"id":2133,"href":"https:\/\/lavereda.com.mx\/index.php\/wp-json\/wp\/v2\/posts\/2116\/revisions\/2133"}],"wp:featuredmedia":[{"embeddable":true,"href":"https:\/\/lavereda.com.mx\/index.php\/wp-json\/wp\/v2\/media\/2131"}],"wp:attachment":[{"href":"https:\/\/lavereda.com.mx\/index.php\/wp-json\/wp\/v2\/media?parent=2116"}],"wp:term":[{"taxonomy":"category","embeddable":true,"href":"https:\/\/lavereda.com.mx\/index.php\/wp-json\/wp\/v2\/categories?post=2116"},{"taxonomy":"post_tag","embeddable":true,"href":"https:\/\/lavereda.com.mx\/index.php\/wp-json\/wp\/v2\/tags?post=2116"}],"curies":[{"name":"wp","href":"https:\/\/api.w.org\/{rel}","templated":true}]}}