{"id":2113,"date":"2021-08-18T17:37:27","date_gmt":"2021-08-18T17:37:27","guid":{"rendered":"http:\/\/lavereda.com.mx\/?p=2113"},"modified":"2021-08-18T17:37:32","modified_gmt":"2021-08-18T17:37:32","slug":"camerata-de-coahuila-regresa-al-escenario-de-forma-presencial","status":"publish","type":"post","link":"https:\/\/lavereda.com.mx\/index.php\/2021\/08\/18\/camerata-de-coahuila-regresa-al-escenario-de-forma-presencial\/","title":{"rendered":"Camerata de Coahuila regresa al escenario de forma presencial"},"content":{"rendered":"\n<ul class=\"wp-block-list\"><li><em>La orquesta formar\u00e1 parte de la edici\u00f3n 49 del Festival Internacional Cervantino, con homenaje a Ludwig van Beethoven.<\/em><\/li><\/ul>\n\n\n\n<p>Camerata de Coahuila prepara su retorno a los escenarios con su temporada oto\u00f1o invierno 2021, la cual abarcar\u00e1 los meses de agosto a diciembre del presente a\u00f1o, con una serie de conciertos que estar\u00e1n bajo la batuta del director art\u00edstico Ram\u00f3n Shade.<\/p>\n\n\n\n<p>Este regreso a los escenarios ser\u00e1 de manera presencial, apegados a las medidas y normas que emitan las autoridades de la Secretar\u00eda de Salud del Estado, derivado de la situaci\u00f3n que a\u00fan impera a nivel mundial por la propagaci\u00f3n del COVID-19, inform\u00f3 la orquesta en un comunicado.<\/p>\n\n\n\n<p>Por tercera ocasi\u00f3n, los conciertos de la temporada ser\u00e1n completamente gratuitos y aptos para el p\u00fablico general, acci\u00f3n en la que reitera la labor de acercar la m\u00fasica cl\u00e1sica a nuestra entidad, desde su fundaci\u00f3n hace 27 a\u00f1os.<\/p>\n\n\n\n<p>La temporada Oto\u00f1o Invierno contar\u00e1 con diversos escenarios como el Teatro Isauro Mart\u00ednez, adem\u00e1s de espacios al aire libre como el Instituto de M\u00fasica de Coahuila, Museo Casa del Cerro, entre otros recintos culturales.<\/p>\n\n\n\n<p>Asimismo Camerata  formar\u00e1 parte del Festival Internacional Cervantino 2021, que se realizar\u00e1 del 13 al 31 de octubre en el estado de Guanajuato, donde Coahuila y Cuba ser\u00e1n el estado y pa\u00eds invitados.<\/p>\n\n\n\n<p>En su participaci\u00f3n rendir\u00e1n homenaje a Ludwig van Beethoven con un programa donde se interpretar\u00e1 la m\u00fasica incidental para el drama de J.W. von Goethe: EGMONT. Contar\u00e1 con la participaci\u00f3n de la soprano Alejandra L\u00f3pez-Fuentes y el actor Claudio Vald\u00e9s Kuri, como narrador. Con una adaptaci\u00f3n en espa\u00f1ol escrita por el dramaturgo Rodrigo V\u00e1zquez Maya.<\/p>\n\n\n\n<p>La presentaci\u00f3n en el Festival Internacional Cervantino ser\u00e1 el d\u00eda 20 de octubre, en el Teatro Ju\u00e1rez de Guanajuato, en formato presencial con boleto.<\/p>\n\n\n\n<p>El primer concierto de la temporada contar\u00e1 con las obras&nbsp;\u201cSinfon\u00eda No. 33 en Si Bemol&nbsp;Mayor, K.319\u201d de&nbsp;W. A. Mozart&nbsp;y \u201cSerenata para instrumentos de viento, Op.44\u201d de&nbsp;Antonin Dvorak.<\/p>\n\n\n\n<p>Este concierto tendr\u00e1 lugar en el Teatro Isauro Mart\u00ednez, este viernes 20 de agosto en punto de las 20:30 horas.<\/p>\n\n\n\n<p>El acceso al p\u00fablico ser\u00e1 general, a partir de los 12 a\u00f1os, con un aforo limitado a 380 personas, equivalente al 50% de la capacidad total teatro.<\/p>\n\n\n\n<p>Para est\u00e1 temporada, se proporcionar\u00e1n boletos, los cuales podr\u00e1n solicitarse en oficinas del Teatro Isauro Mart\u00ednez (Entrada principal por calle Galeana), de mi\u00e9rcoles a viernes, en un horario de 10:00 a 14:00 horas.<\/p>\n\n\n\n<p>Los dem\u00e1s conciertos se estar\u00e1n anunciado semana a semana a trav\u00e9s de nuestras redes sociales y en el portal www.cameratadecoahuila.com.mx.<\/p>\n","protected":false},"excerpt":{"rendered":"<p>La orquesta formar\u00e1 parte de la edici\u00f3n 49 del Festival Internacional Cervantino, con homenaje a Ludwig van Beethoven. Camerata de Coahuila prepara su retorno a los escenarios con su temporada &hellip; <a href=\"https:\/\/lavereda.com.mx\/index.php\/2021\/08\/18\/camerata-de-coahuila-regresa-al-escenario-de-forma-presencial\/\" class=\"more-link\">Leer m\u00e1s<\/a><\/p>\n","protected":false},"author":1,"featured_media":2114,"comment_status":"open","ping_status":"open","sticky":false,"template":"","format":"standard","meta":{"footnotes":""},"categories":[18,4],"tags":[],"class_list":["post-2113","post","type-post","status-publish","format-standard","has-post-thumbnail","hentry","category-lomasrelevante","category-musica","entry"],"_links":{"self":[{"href":"https:\/\/lavereda.com.mx\/index.php\/wp-json\/wp\/v2\/posts\/2113","targetHints":{"allow":["GET"]}}],"collection":[{"href":"https:\/\/lavereda.com.mx\/index.php\/wp-json\/wp\/v2\/posts"}],"about":[{"href":"https:\/\/lavereda.com.mx\/index.php\/wp-json\/wp\/v2\/types\/post"}],"author":[{"embeddable":true,"href":"https:\/\/lavereda.com.mx\/index.php\/wp-json\/wp\/v2\/users\/1"}],"replies":[{"embeddable":true,"href":"https:\/\/lavereda.com.mx\/index.php\/wp-json\/wp\/v2\/comments?post=2113"}],"version-history":[{"count":1,"href":"https:\/\/lavereda.com.mx\/index.php\/wp-json\/wp\/v2\/posts\/2113\/revisions"}],"predecessor-version":[{"id":2115,"href":"https:\/\/lavereda.com.mx\/index.php\/wp-json\/wp\/v2\/posts\/2113\/revisions\/2115"}],"wp:featuredmedia":[{"embeddable":true,"href":"https:\/\/lavereda.com.mx\/index.php\/wp-json\/wp\/v2\/media\/2114"}],"wp:attachment":[{"href":"https:\/\/lavereda.com.mx\/index.php\/wp-json\/wp\/v2\/media?parent=2113"}],"wp:term":[{"taxonomy":"category","embeddable":true,"href":"https:\/\/lavereda.com.mx\/index.php\/wp-json\/wp\/v2\/categories?post=2113"},{"taxonomy":"post_tag","embeddable":true,"href":"https:\/\/lavereda.com.mx\/index.php\/wp-json\/wp\/v2\/tags?post=2113"}],"curies":[{"name":"wp","href":"https:\/\/api.w.org\/{rel}","templated":true}]}}