{"id":2103,"date":"2021-08-17T23:42:35","date_gmt":"2021-08-17T23:42:35","guid":{"rendered":"http:\/\/lavereda.com.mx\/?p=2103"},"modified":"2021-08-18T02:01:48","modified_gmt":"2021-08-18T02:01:48","slug":"anuncian-el-concurso-nacional-de-poesia-enriqueta-ochoa-2021","status":"publish","type":"post","link":"https:\/\/lavereda.com.mx\/index.php\/2021\/08\/17\/anuncian-el-concurso-nacional-de-poesia-enriqueta-ochoa-2021\/","title":{"rendered":"Anuncian el concurso nacional de poes\u00eda Enriqueta Ochoa 2021"},"content":{"rendered":"\n<p>El pr\u00f3ximo 17 de septiembre es el cierre para inscribirse en el concurso nacional de poes\u00eda Enriqueta Ochoa, en el que podr\u00e1n participar todos los poetas nacidos en M\u00e9xico o con residencia de al menos 5 a\u00f1os en la Rep\u00fablica Mexicana, informaron titulares de la Secretar\u00eda de Cultura de Coahuila y de la Direcci\u00f3n de Cultura de Torre\u00f3n.<\/p>\n\n\n\n<p>Los concursantes deber\u00e1n enviar un poemario in\u00e9dito de su propia autor\u00eda, en espa\u00f1ol, con tema y forma libres, con un m\u00ednimo de 40 y un m\u00e1ximo de 60 cuartillas.<\/p>\n\n\n\n<p>En la \u00faltima edici\u00f3n, Jeannette L. Clariond fue la ganadora.<\/p>\n\n\n\n<p>La convocatoria es presentada por el Ayuntamiento de Torre\u00f3n, a trav\u00e9s de la Direcci\u00f3n General de Cultura, en coordinaci\u00f3n con el Gobierno del Estado de Coahuila, con el prop\u00f3sito de fomentar la creaci\u00f3n literaria y generar productos culturales de impacto local y nacional.<\/p>\n\n\n\n<p>Los trabajos deber\u00e1n presentarse por triplicado (tres ejemplares), engargolados, en papel tama\u00f1o carta impresos por una sola cara, escritos en computadora a doble espacio y en tipograf\u00eda Times New Roman de 12 puntos.<\/p>\n\n\n\n<p>El jurado calificador estar\u00e1 integrado por escritores, investigadores y cr\u00edticos con trayectorias destacadas en la escena literaria y cultural como &nbsp;Mercedes Guadalupe Luna Fuentes, Zaira Eliette Espinosa Leal y Lucila Navarrete Turrent. Una vez emitido el fallo, se proceder\u00e1 a la apertura de la plica de identificaci\u00f3n y a la notificaci\u00f3n del ganador.<\/p>\n\n\n\n<p>La presente convocatoria estar\u00e1 vigente a partir del <strong>lunes 16 de agosto <\/strong>y la fecha de cierre es el <strong>viernes 17 de septiembre de 2021<\/strong>. El anuncio del resultado se realizar\u00e1 a finales de octubre de 2021.<\/p>\n\n\n\n<p>El premio \u00fanico e indivisible es de cien mil pesos, diploma y la publicaci\u00f3n de la obra.<\/p>\n\n\n\n<p>Mayores informes: <a href=\"mailto:literaturaimce@gmail.com\">literaturaimce@gmail.com<\/a><\/p>\n\n\n\n<p><strong>\u00daltimos ganadores<\/strong><\/p>\n\n\n\n<p><strong>2018<\/strong>. Ganador: Javier Acosta Escare\u00f1o (profesor de la Universidad Aut\u00f3noma de Zacatecas. Poeta, traductor y coordinador del Seminario de Poes\u00eda del Instituto Zacatecano de Cultura) T\u00edtulo del poemario: Ahora caigo Seud\u00f3nimo: Mar\u00eda Matatena<\/p>\n\n\n\n<p><strong>2019<\/strong>. Ganador: Luis Flores Romero (licenciado en Letras Hisp\u00e1nicas por la UNAM. Obtuvo entre otros premios: el de Poes\u00eda Joven Jaime Reyes, el Nacional de Poes\u00eda Joven Salvador Gallardo D\u00e1valos, el Nacional de Poes\u00eda Ram\u00f3n L\u00f3pez Velarde y el Bartolom\u00e9 Delgado de Le\u00f3n)<\/p>\n\n\n\n<p>T\u00edtulo del poemario: Archivo grave Seud\u00f3nimo: Trigo Jurado: Mercedes Guadalupe Luna Fuentes, Zaira Eliette Espinosa Leal y Lucila Navarrete Turrent<\/p>\n\n\n\n<p><strong>2020<\/strong>. Ganadora: Jeannette L. Clariond (licenciada en Filosof\u00eda y maestra en Letras Espa\u00f1olas y Metodolog\u00eda de la Ciencia por la UANL. Hace 15 a\u00f1os fund\u00f3 Vaso Roto Ediciones. Es reconocida por ser la principal traductora al espa\u00f1ol de la poeta canadiense Anne Carson. En 1996 obtuvo el Premio Nacional de Poes\u00eda Efra\u00edn Huerta, y en 2001 gan\u00f3 el Premio de Poes\u00eda Gonzalo Rojas. En 2000 fue acreedora de la beca Rockefeller\/CONACULTA)<\/p>\n\n\n\n<p>T\u00edtulo del poemario: Las l\u00e1grimas de las cosas Seud\u00f3nimo: Alexia Jurado: Claudia Luna Fuentes, Carlos Manuel Vel\u00e1zquez Perales y Marco Antonio Jim\u00e9nez G\u00f3mez del Campo<\/p>\n","protected":false},"excerpt":{"rendered":"<p>El pr\u00f3ximo 17 de septiembre es el cierre para inscribirse en el concurso nacional de poes\u00eda Enriqueta Ochoa, en el que podr\u00e1n participar todos los poetas nacidos en M\u00e9xico o &hellip; <a href=\"https:\/\/lavereda.com.mx\/index.php\/2021\/08\/17\/anuncian-el-concurso-nacional-de-poesia-enriqueta-ochoa-2021\/\" class=\"more-link\">Leer m\u00e1s<\/a><\/p>\n","protected":false},"author":1,"featured_media":2106,"comment_status":"open","ping_status":"open","sticky":false,"template":"","format":"standard","meta":{"footnotes":""},"categories":[5,18],"tags":[],"class_list":["post-2103","post","type-post","status-publish","format-standard","has-post-thumbnail","hentry","category-letras-y-libros","category-lomasrelevante","entry"],"_links":{"self":[{"href":"https:\/\/lavereda.com.mx\/index.php\/wp-json\/wp\/v2\/posts\/2103","targetHints":{"allow":["GET"]}}],"collection":[{"href":"https:\/\/lavereda.com.mx\/index.php\/wp-json\/wp\/v2\/posts"}],"about":[{"href":"https:\/\/lavereda.com.mx\/index.php\/wp-json\/wp\/v2\/types\/post"}],"author":[{"embeddable":true,"href":"https:\/\/lavereda.com.mx\/index.php\/wp-json\/wp\/v2\/users\/1"}],"replies":[{"embeddable":true,"href":"https:\/\/lavereda.com.mx\/index.php\/wp-json\/wp\/v2\/comments?post=2103"}],"version-history":[{"count":4,"href":"https:\/\/lavereda.com.mx\/index.php\/wp-json\/wp\/v2\/posts\/2103\/revisions"}],"predecessor-version":[{"id":2111,"href":"https:\/\/lavereda.com.mx\/index.php\/wp-json\/wp\/v2\/posts\/2103\/revisions\/2111"}],"wp:featuredmedia":[{"embeddable":true,"href":"https:\/\/lavereda.com.mx\/index.php\/wp-json\/wp\/v2\/media\/2106"}],"wp:attachment":[{"href":"https:\/\/lavereda.com.mx\/index.php\/wp-json\/wp\/v2\/media?parent=2103"}],"wp:term":[{"taxonomy":"category","embeddable":true,"href":"https:\/\/lavereda.com.mx\/index.php\/wp-json\/wp\/v2\/categories?post=2103"},{"taxonomy":"post_tag","embeddable":true,"href":"https:\/\/lavereda.com.mx\/index.php\/wp-json\/wp\/v2\/tags?post=2103"}],"curies":[{"name":"wp","href":"https:\/\/api.w.org\/{rel}","templated":true}]}}