{"id":2100,"date":"2021-08-17T18:38:24","date_gmt":"2021-08-17T18:38:24","guid":{"rendered":"http:\/\/lavereda.com.mx\/?p=2100"},"modified":"2021-08-17T18:38:29","modified_gmt":"2021-08-17T18:38:29","slug":"el-teatro-isauro-martinez-no-ha-cerrado-puertas-patronato","status":"publish","type":"post","link":"https:\/\/lavereda.com.mx\/index.php\/2021\/08\/17\/el-teatro-isauro-martinez-no-ha-cerrado-puertas-patronato\/","title":{"rendered":"\u201cEl Teatro Isauro Mart\u00ednez no ha cerrado puertas\u201d: patronato"},"content":{"rendered":"\n<p>El presidente del patroanto del Teatro Isauro Mart\u00ednez, Rom\u00e1n Cepeda, la directora del recinto Lourdes Bernal en compa\u00f1\u00eda del director de cultura en Torre\u00f3n, El\u00edas Ag\u00fcero, dieron a conocer el informe de actividades de mayo a septiembre de 2021 de esta instituci\u00f3n esc\u00e9nica.<\/p>\n\n\n\n<p>Se inform\u00f3 que fue en mayo del presente a\u00f1o cuando el teatro comenz\u00f3 a operar de manera presencial con 50 por ciento del aforo total y que as\u00ed se planea continuar para los siguientes meses, respetando los protocolos dictados por la Secretar\u00eda de Salud.<\/p>\n\n\n\n<p>Sin embargo, se destac\u00f3 que desde el a\u00f1o pasado en plena pandemia, el teatro promovi\u00f3 una agenda de actividads de manera virtual. Lourdes Bernal coment\u00f3 se han realizado alrededor de 55 eventos desde entonces con el apoyo del talento lagunero y a\u00f1adi\u00f3 que el taller de teatro y el de literatura continuaron trabajando a distancia.<\/p>\n\n\n\n<p>Tambi\u00e9n se anunci\u00f3 el reinicio de actividades de la Escuela de M\u00fasica Santa Cecilia.<\/p>\n\n\n\n<p>Algunas de las actividades realizadas son: las presentaciones literarias, presentaciones musicales, de ensambles y con cantantes de \u00f3pera, inauguraci\u00f3n de exposiciones, los conciertos presenciales de la Camerata de Coahuila, entre otros.<\/p>\n\n\n\n<p>Para el mes de agosto el d\u00eda 19 se presentar\u00e1 un recital como homenaje a la maestra cantante Alicia Pons, un concierto de m\u00fasica mexicana y \u00f3pera con la cantante Mariana Sof\u00eda el d\u00eda 27, el regreso de los conciertos de temporada de la Camerata de Coahuila el viernes 20 de agosto, entre otras actividades.<\/p>\n\n\n\n<p>Asimismo El\u00edas Ag\u00fcero afirm\u00f3 que la Sinf\u00f3nica Juvenil de Torre\u00f3n continuar\u00e1 realizando presentaciones de forma presencial en este recinto y que el video que grabaron con la interpretaci\u00f3n de&nbsp;<em>La Filomena<\/em>, formar\u00e1 parte de la programaci\u00f3n del Cervantino.<\/p>\n\n\n\n<blockquote class=\"wp-block-quote is-layout-flow wp-block-quote-is-layout-flow\"><p>Rom\u00e1n Cepeda, presidente del patronato, enfatiz\u00f3 que \u201cel teatro no ha cerrado puertas, trabajamos en sinergia para continuar con las actividades hasta donde ha sido posible, la gente sigue pidiendo que haya actividades. Vamos a continuar siempre respetando lineamientos de salud\u201d.\u00a0<\/p><\/blockquote>\n","protected":false},"excerpt":{"rendered":"<p>El presidente del patroanto del Teatro Isauro Mart\u00ednez, Rom\u00e1n Cepeda, la directora del recinto Lourdes Bernal en compa\u00f1\u00eda del director de cultura en Torre\u00f3n, El\u00edas Ag\u00fcero, dieron a conocer el &hellip; <a href=\"https:\/\/lavereda.com.mx\/index.php\/2021\/08\/17\/el-teatro-isauro-martinez-no-ha-cerrado-puertas-patronato\/\" class=\"more-link\">Leer m\u00e1s<\/a><\/p>\n","protected":false},"author":9,"featured_media":2101,"comment_status":"open","ping_status":"open","sticky":false,"template":"","format":"standard","meta":{"footnotes":""},"categories":[2,18],"tags":[],"class_list":["post-2100","post","type-post","status-publish","format-standard","has-post-thumbnail","hentry","category-artes-escenicas","category-lomasrelevante","entry"],"_links":{"self":[{"href":"https:\/\/lavereda.com.mx\/index.php\/wp-json\/wp\/v2\/posts\/2100","targetHints":{"allow":["GET"]}}],"collection":[{"href":"https:\/\/lavereda.com.mx\/index.php\/wp-json\/wp\/v2\/posts"}],"about":[{"href":"https:\/\/lavereda.com.mx\/index.php\/wp-json\/wp\/v2\/types\/post"}],"author":[{"embeddable":true,"href":"https:\/\/lavereda.com.mx\/index.php\/wp-json\/wp\/v2\/users\/9"}],"replies":[{"embeddable":true,"href":"https:\/\/lavereda.com.mx\/index.php\/wp-json\/wp\/v2\/comments?post=2100"}],"version-history":[{"count":2,"href":"https:\/\/lavereda.com.mx\/index.php\/wp-json\/wp\/v2\/posts\/2100\/revisions"}],"predecessor-version":[{"id":2112,"href":"https:\/\/lavereda.com.mx\/index.php\/wp-json\/wp\/v2\/posts\/2100\/revisions\/2112"}],"wp:featuredmedia":[{"embeddable":true,"href":"https:\/\/lavereda.com.mx\/index.php\/wp-json\/wp\/v2\/media\/2101"}],"wp:attachment":[{"href":"https:\/\/lavereda.com.mx\/index.php\/wp-json\/wp\/v2\/media?parent=2100"}],"wp:term":[{"taxonomy":"category","embeddable":true,"href":"https:\/\/lavereda.com.mx\/index.php\/wp-json\/wp\/v2\/categories?post=2100"},{"taxonomy":"post_tag","embeddable":true,"href":"https:\/\/lavereda.com.mx\/index.php\/wp-json\/wp\/v2\/tags?post=2100"}],"curies":[{"name":"wp","href":"https:\/\/api.w.org\/{rel}","templated":true}]}}