{"id":2091,"date":"2021-08-17T01:56:06","date_gmt":"2021-08-17T01:56:06","guid":{"rendered":"http:\/\/lavereda.com.mx\/?p=2091"},"modified":"2021-08-17T01:56:07","modified_gmt":"2021-08-17T01:56:07","slug":"entregan-reconocimiento-a-la-fundacion-arocena-en-el-15-aniversario-del-museo","status":"publish","type":"post","link":"https:\/\/lavereda.com.mx\/index.php\/2021\/08\/17\/entregan-reconocimiento-a-la-fundacion-arocena-en-el-15-aniversario-del-museo\/","title":{"rendered":"Entregan reconocimiento a la Fundaci\u00f3n Arocena en el 15 aniversario del Museo"},"content":{"rendered":"\n<p>El d\u00eda de hoy y por iniciativa del Gobierno del Estado se convoc\u00f3 a un n\u00famero reducido de autoridades, donadores y personal del museo para la entrega de reconocimiento a la Fundaci\u00f3n E. Arocena por parte del gobernador de Coahuila, Miguel Riquelme.<\/p>\n\n\n\n<p>\u00abLa Fundaci\u00f3n E. Arocena A.C. se constituy\u00f3 a finales de los a\u00f1os noventa con el objetivo de promover distintos proyectos de difusi\u00f3n del arte y de la historia; con un particular \u00e9nfasis en la regi\u00f3n lagunera. Su proyecto insignia: el Museo Arocena. Tras un proceso de gesti\u00f3n de ocho a\u00f1os, el Museo Arocena abri\u00f3 sus puertas para disfrute de toda la comunidad en el 2006\u00bb, se inform\u00f3 en un comunicado.<\/p>\n\n\n\n<p>Algunos de los logros m\u00e1s significativos que compartieron son:<\/p>\n\n\n\n<p>M\u00e1s de 1 mil\u00f3n de visitantes atendidos a la fecha.<\/p>\n\n\n\n<p>M\u00e1s de 100 exposiciones, 8 de las cuales han viajado a varios museos internacionales.<\/p>\n\n\n\n<p>Se han recibido 401 mil alumnos y 27 mil profesores de manera totalmente gratuita a trav\u00e9s del Programa educativo con el apoyo del Gobierno del Estado de Coahuila.<\/p>\n\n\n\n<p>El reconocimiento fue otorgado por el Ing. Miguel \u00c1ngel Riquelme Sol\u00eds, Gobernador del Estado de Coahuila, acompa\u00f1ado de Lic. Ana Sof\u00eda Garc\u00eda Camil, Secretaria de Cultura del Estado de Coahuila y Lic. Jorge Zerme\u00f1o Infante, Presidente Municipal de Torre\u00f3n. El reconocimiento lo recibi\u00f3 el Ing. Gustavo D\u00edaz de Le\u00f3n, Consejero de la Fundaci\u00f3n Arocena y acompa\u00f1ado de la Mtra. Fabiola Favila Gallegos en representaci\u00f3n del Museo Arocena.<\/p>\n\n\n\n<p>Durante su emotivo discurso, el Ing. Gustavo D\u00edaz de Le\u00f3n, a nombre de todos los consejeros, anunci\u00f3 el nombramiento oficial de la Mtra. Fabiola Favila Gallegos, como la directora del Museo Arocena, reconociendo su ardua labor, trabajo y compromiso con la instituci\u00f3n. Desde el inicio, Fabiola encabez\u00f3 el departamento de programas educativos y atenci\u00f3n al visitante y el a\u00f1o pasado se le nombr\u00f3 como subdirectora. Ahora, asume esta posici\u00f3n con la tenacidad y compromiso que le caracterizan.<\/p>\n\n\n\n<p>A continuaci\u00f3n, les compartimos las palabras de su discurso:<\/p>\n\n\n\n<p>\u00abEl Museo Arocena ha significado muchas cosas para todos nosotros, ha significado un trabajo, un espacio de aprendizaje, un sitio de paz, de ocio y diversi\u00f3n. Estoy segura de que nuestros visitantes, que a la fecha ya suman m\u00e1s de un mill\u00f3n, se han identificado y encontrado a s\u00ed mismos en los objetos que conforman esta gran colecci\u00f3n y que la Fundaci\u00f3n E. Arocena promueve y difunde incansablemente.<\/p>\n\n\n\n<blockquote class=\"wp-block-quote is-layout-flow wp-block-quote-is-layout-flow\"><p>Todas las acciones emprendidas por el museo, el Consejo de la fundaci\u00f3n, el gobierno, las amigas, colaboradores, voluntarios, benefactores y donantes, est\u00e1n encaminadas a unir a nuestra comunidad y afrontar creativamente los retos que nos plantean estos tiempos tan complejos que vivimos y sorteamos. Cada reto representa una oportunidad para reinventarnos y proponer formas diferentes e innovadoras para involucrar a nuestro p\u00fablico en el arte y la cultura<\/p><p>En el museo no hemos parado, no nos detenemos, al cierre de puertas por la emergencia sanitaria, aprendimos a trabajar en equipo a distancia de manera virtual, regresando de forma presencial al museo con un personal preparado para la nueva normalidad, y recibir con todas las medidas de seguridad sanitaria a nuestros visitantes para cuidarlos y as\u00ed cuidarnos todos.<\/p><p>Estamos preparados para celebrar 15 a\u00f1os de difundir el arte y la historia, por ello, hemos preparado un programa de actividades para todos, que incluyen dos nuevas exposiciones temporales de primer nivel: Vaqueros de la Cruz del Diablo. Fotograf\u00eda de Werner Segarra y Pelegr\u00edn Clav\u00e9. Origen y sentido, que sin duda alguna ser\u00e1n de gran inter\u00e9s para los laguneros y coahuilenses, y les permitir\u00e1 profundizar en los procesos creativos de la pr\u00e1ctica fotogr\u00e1fica y en la pintura decimon\u00f3nica en M\u00e9xico\u00bb.<\/p><\/blockquote>\n\n\n\n<p>Tambi\u00e9n destac\u00f3 que el museo contin\u00faa con la cartelera de actividades digitales para todos los p\u00fablicos, los cursos de Instituto Arocena, el cine club Cuadro por Cuadro, los C\u00edrculos de Lectura en la Biblioteca, y un espacio dedicado exclusivamente para el programa educativo Descubrir juntos el arte, en el que nos comprometemos a seguir atendiendo a estudiantes y profesores, porque el m\u00e1s grande logro de la Fundaci\u00f3n Arocena es que m\u00e1s de 400 mil ni\u00f1os y ni\u00f1as Coahuilenses hayan tenido su primer contacto con el arte en este recinto.<\/p>\n","protected":false},"excerpt":{"rendered":"<p>El d\u00eda de hoy y por iniciativa del Gobierno del Estado se convoc\u00f3 a un n\u00famero reducido de autoridades, donadores y personal del museo para la entrega de reconocimiento a &hellip; <a href=\"https:\/\/lavereda.com.mx\/index.php\/2021\/08\/17\/entregan-reconocimiento-a-la-fundacion-arocena-en-el-15-aniversario-del-museo\/\" class=\"more-link\">Leer m\u00e1s<\/a><\/p>\n","protected":false},"author":1,"featured_media":2092,"comment_status":"open","ping_status":"open","sticky":false,"template":"","format":"standard","meta":{"footnotes":""},"categories":[3,18],"tags":[],"class_list":["post-2091","post","type-post","status-publish","format-standard","has-post-thumbnail","hentry","category-artes-visuales","category-lomasrelevante","entry"],"_links":{"self":[{"href":"https:\/\/lavereda.com.mx\/index.php\/wp-json\/wp\/v2\/posts\/2091","targetHints":{"allow":["GET"]}}],"collection":[{"href":"https:\/\/lavereda.com.mx\/index.php\/wp-json\/wp\/v2\/posts"}],"about":[{"href":"https:\/\/lavereda.com.mx\/index.php\/wp-json\/wp\/v2\/types\/post"}],"author":[{"embeddable":true,"href":"https:\/\/lavereda.com.mx\/index.php\/wp-json\/wp\/v2\/users\/1"}],"replies":[{"embeddable":true,"href":"https:\/\/lavereda.com.mx\/index.php\/wp-json\/wp\/v2\/comments?post=2091"}],"version-history":[{"count":1,"href":"https:\/\/lavereda.com.mx\/index.php\/wp-json\/wp\/v2\/posts\/2091\/revisions"}],"predecessor-version":[{"id":2093,"href":"https:\/\/lavereda.com.mx\/index.php\/wp-json\/wp\/v2\/posts\/2091\/revisions\/2093"}],"wp:featuredmedia":[{"embeddable":true,"href":"https:\/\/lavereda.com.mx\/index.php\/wp-json\/wp\/v2\/media\/2092"}],"wp:attachment":[{"href":"https:\/\/lavereda.com.mx\/index.php\/wp-json\/wp\/v2\/media?parent=2091"}],"wp:term":[{"taxonomy":"category","embeddable":true,"href":"https:\/\/lavereda.com.mx\/index.php\/wp-json\/wp\/v2\/categories?post=2091"},{"taxonomy":"post_tag","embeddable":true,"href":"https:\/\/lavereda.com.mx\/index.php\/wp-json\/wp\/v2\/tags?post=2091"}],"curies":[{"name":"wp","href":"https:\/\/api.w.org\/{rel}","templated":true}]}}