{"id":2083,"date":"2021-08-16T22:16:56","date_gmt":"2021-08-16T22:16:56","guid":{"rendered":"http:\/\/lavereda.com.mx\/?p=2083"},"modified":"2021-08-16T22:16:58","modified_gmt":"2021-08-16T22:16:58","slug":"grupo-de-teatro-del-tim-presenta-el-mundo-olvidado","status":"publish","type":"post","link":"https:\/\/lavereda.com.mx\/index.php\/2021\/08\/16\/grupo-de-teatro-del-tim-presenta-el-mundo-olvidado\/","title":{"rendered":"Grupo de teatro del TIM presenta \u201cEl mundo olvidado\u201d"},"content":{"rendered":"\n<p>El grupo de Teatro contempor\u00e1neo que est\u00e1 bajo la direcci\u00f3n del maestro Alam Sarmiento del teatro Isauro Mart\u00ednez presenta, \u201cEl mundo olvidado\u201d de Sof\u00eda V\u00e1zquez, este mi\u00e9rcoles 18 de agosto a las 7:00 pm en el escenario del Teatro Garibay, con cupo limitado.&nbsp;<\/p>\n\n\n\n<p>Algunas cosas que podr\u00e1s ver, y que son para reflexionar sobre esta presentaci\u00f3n son las siguientes:<\/p>\n\n\n\n<p><em>(\u2026) Se trata del olvido de que olvidamos, el olvido del olvido. Pero no es \u00e9ste un olvido del olvido de algo espec\u00edfico dentro de nuestra vida.\u00a0 Es el olvido del olvido de nuestro ser, cuya condici\u00f3n de ser es, precisamente, haber-sido \u2014lo ontol\u00f3gicamente contrario a ese olvido (\u2026)El cultivo de la verdad es el cultivo del des-olvido. En la presente \u00e9poca hemos olvidado c\u00f3mo llegamos a ser lo que somos. La consecuencia m\u00e1s inmediata de ese olvido es la pobreza y fragmentaci\u00f3n del sentido de lo que ocurre. (\u2026) \u00a0Ramses Fuenmayor<\/em><\/p>\n\n\n\n<p>Adem\u00e1s \u201cEl Mundo Olvidado\u201d, es una obra de teatro contempor\u00e1neo escrita por la dramaturga lagunera Sof\u00eda V\u00e1zquez. Este texto invita a sumergirnos en el mar del tiempo, y nos presenta de una manera singular todo lo que es llamado \u201ctiempo\u201d y que va dejando de ser. A su manera nos revela c\u00f3mo existimos y como registramos en la memoria eso llamado \u201cvida\u201d. Tambi\u00e9n de una manera poco com\u00fan, nos invita a ver lo que pasa en ese lapso entre nuestro nacimiento y nuestra muerte. Y preguntarnos \u00bfQu\u00e9 es lo que queda? Al mismo tiempo es un puente, una apertura sutil para recordar\/ imaginar ese mundo que ocurre en el intento por comprender eso que llamamos soledad, vida, muerte y libertad. <strong>\u201cQuiz\u00e1 estar solos en el universo es lo que nos mantiene juntos\u201d<\/strong><\/p>\n\n\n\n<p>El elenco est\u00e1 conformado por Alejandra Cabral, Daniel B\u00e1rcenas, Roci\u00f3 Mej\u00eda, Salma Montelongo, John Soto<\/p>\n\n\n\n<p>Y en la parte de la producci\u00f3n los encargados son del Teatro Isauro Mart\u00ednez \/ PLAN B Estudio \u2013 teatro.<\/p>\n\n\n\n<p>Les recordamos que el Grupo contempor\u00e1neo del Teatro Isauro Mart\u00ednez es un espacio de formaci\u00f3n teatral que funciona desde febrero del 2011 y se rige bajo los siguientes lineamientos:&nbsp;<\/p>\n\n\n\n<figure class=\"wp-block-image size-large\"><img fetchpriority=\"high\" decoding=\"async\" width=\"1024\" height=\"768\" src=\"https:\/\/lavereda.com.mx\/wp-content\/uploads\/2021\/08\/227a0fee-58a8-43c8-8e3e-7ba2f29da668-1024x768.jpg\" alt=\"\" class=\"wp-image-2087\"\/><\/figure>\n\n\n\n<p>Objetivo: El prop\u00f3sito de este taller es brindar a cada participante bases claras sobre el trabajo de expresi\u00f3n y creaci\u00f3n corporal en el teatro, desarrollando sus capacidades expresivas,&nbsp; te\u00f3ricas y pr\u00e1cticas sobre el arte de estar en el escenario. Nutrir la formaci\u00f3n actoral de una forma interdisciplinaria.&nbsp;&nbsp;&nbsp;&nbsp;&nbsp;&nbsp;&nbsp;&nbsp;&nbsp;&nbsp;&nbsp;&nbsp;&nbsp;&nbsp;&nbsp;&nbsp;&nbsp;&nbsp;&nbsp;&nbsp;&nbsp;&nbsp;&nbsp;&nbsp;&nbsp;&nbsp;&nbsp;&nbsp;&nbsp;&nbsp;&nbsp;&nbsp;<\/p>\n\n\n\n<p>Contenidos: Ejercicios que desarrollan las capacidades corporales y expresiva de cada participante, partiendo de juegos teatrales hacia&nbsp;&nbsp; improvisaciones grupales, generadas primero de modo espont\u00e1neo y luego bajo consignas precisas, ideadas para ir incorporando, gradualmente, las t\u00e9cnicas que sirven de base al trabajo actoral.<\/p>\n\n\n\n<p>Desarrollo: En la primera parte, el acento est\u00e1 puesto en pautas tendientes a conocer y profundizar las propias capacidades perceptivas, de imaginaci\u00f3n, observaci\u00f3n, concentraci\u00f3n y apertura\/complementaci\u00f3n en la relaci\u00f3n con otros. Posteriormente se trabaja con la experimentaci\u00f3n y creaci\u00f3n esc\u00e9nica del gesto teatral contempor\u00e1neo.<\/p>\n","protected":false},"excerpt":{"rendered":"<p>El grupo de Teatro contempor\u00e1neo que est\u00e1 bajo la direcci\u00f3n del maestro Alam Sarmiento del teatro Isauro Mart\u00ednez presenta, \u201cEl mundo olvidado\u201d de Sof\u00eda V\u00e1zquez, este mi\u00e9rcoles 18 de agosto &hellip; <a href=\"https:\/\/lavereda.com.mx\/index.php\/2021\/08\/16\/grupo-de-teatro-del-tim-presenta-el-mundo-olvidado\/\" class=\"more-link\">Leer m\u00e1s<\/a><\/p>\n","protected":false},"author":1,"featured_media":2085,"comment_status":"open","ping_status":"open","sticky":false,"template":"","format":"standard","meta":{"footnotes":""},"categories":[2,18,1],"tags":[],"class_list":["post-2083","post","type-post","status-publish","format-standard","has-post-thumbnail","hentry","category-artes-escenicas","category-lomasrelevante","category-uncategorized","entry"],"_links":{"self":[{"href":"https:\/\/lavereda.com.mx\/index.php\/wp-json\/wp\/v2\/posts\/2083","targetHints":{"allow":["GET"]}}],"collection":[{"href":"https:\/\/lavereda.com.mx\/index.php\/wp-json\/wp\/v2\/posts"}],"about":[{"href":"https:\/\/lavereda.com.mx\/index.php\/wp-json\/wp\/v2\/types\/post"}],"author":[{"embeddable":true,"href":"https:\/\/lavereda.com.mx\/index.php\/wp-json\/wp\/v2\/users\/1"}],"replies":[{"embeddable":true,"href":"https:\/\/lavereda.com.mx\/index.php\/wp-json\/wp\/v2\/comments?post=2083"}],"version-history":[{"count":2,"href":"https:\/\/lavereda.com.mx\/index.php\/wp-json\/wp\/v2\/posts\/2083\/revisions"}],"predecessor-version":[{"id":2088,"href":"https:\/\/lavereda.com.mx\/index.php\/wp-json\/wp\/v2\/posts\/2083\/revisions\/2088"}],"wp:featuredmedia":[{"embeddable":true,"href":"https:\/\/lavereda.com.mx\/index.php\/wp-json\/wp\/v2\/media\/2085"}],"wp:attachment":[{"href":"https:\/\/lavereda.com.mx\/index.php\/wp-json\/wp\/v2\/media?parent=2083"}],"wp:term":[{"taxonomy":"category","embeddable":true,"href":"https:\/\/lavereda.com.mx\/index.php\/wp-json\/wp\/v2\/categories?post=2083"},{"taxonomy":"post_tag","embeddable":true,"href":"https:\/\/lavereda.com.mx\/index.php\/wp-json\/wp\/v2\/tags?post=2083"}],"curies":[{"name":"wp","href":"https:\/\/api.w.org\/{rel}","templated":true}]}}