{"id":2072,"date":"2021-08-14T19:50:17","date_gmt":"2021-08-14T19:50:17","guid":{"rendered":"http:\/\/lavereda.com.mx\/?p=2072"},"modified":"2021-08-14T19:50:19","modified_gmt":"2021-08-14T19:50:19","slug":"se-anuncia-los-ganadores-del-premio-estatal-de-artesania-mis-oficios-mis-manos","status":"publish","type":"post","link":"https:\/\/lavereda.com.mx\/index.php\/2021\/08\/14\/se-anuncia-los-ganadores-del-premio-estatal-de-artesania-mis-oficios-mis-manos\/","title":{"rendered":"Se anuncia los ganadores del premio estatal de artesan\u00eda \u201dmis oficios, mis manos\u201d"},"content":{"rendered":"\n<p>Despu\u00e9s de ver el incre\u00edble trabajo de los participantes se da a conocer los ganadores del Premio Estatal de Artesan\u00edas \u201cMis Oficios, Mis manos\u201d, mismo que cuenta con un est\u00edmulo econ\u00f3mico de 25 mil pesos como premio de adquisici\u00f3n para cada una de sus categor\u00edas.<\/p>\n\n\n\n<p>La Secretar\u00eda de Cultura reconoci\u00f3 el talento de todos y cada uno de los participantes y felicit\u00f3 a los ganadores de esta edici\u00f3n.<\/p>\n\n\n\n<p>\u201cPrimero queremos felicitar a todas y todos los participantes, ya que una vez m\u00e1s queda demostrado que en nuestra entidad se contin\u00faa trabajando con las manos, y hay grandes exponentes en cuanto artesan\u00eda. A los ganadores de esta edici\u00f3n, nuestro reconocimiento a su gran talento\u201d,<\/p>\n\n\n\n<p>Dijo,<\/p>\n\n\n\n<p>\u201cEn Coahuila hay talento, y desde nuestra dependencia seguiremos impulsando las acciones pertinentes para que oficios como la artesan\u00eda mantengan su actividad desarroll\u00e1ndose\u201d.<\/p>\n\n\n\n<p>De tal manera que en la Categor\u00eda de Tejido de Textiles (algod\u00f3n, lana, cerdas) result\u00f3 ganadora Mar\u00eda L\u00f3pez Guti\u00e9rrez de Saltillo, con la pieza \u201cGab\u00e1n\u201d.<\/p>\n\n\n\n<div class=\"wp-block-image\"><figure class=\"aligncenter size-large is-resized\"><img fetchpriority=\"high\" decoding=\"async\" src=\"https:\/\/lavereda.com.mx\/wp-content\/uploads\/2021\/08\/Tejido-de-Textiles-algodon-lana-cerdas-Maria-Lopez-Gutierrez-Gaban-575x1024.jpg\" alt=\"\" class=\"wp-image-2073\" width=\"179\" height=\"320\"\/><figcaption>\u201cGab\u00e1n\u201d<\/figcaption><\/figure><\/div>\n\n\n\n<p>N\u00e9stor Antonio Espinoza Hern\u00e1ndez de M\u00fazquiz fue el ganador con la pieza \u201cLargartija en Piedra\u201d, esto en la Categor\u00eda Tallado en Madera.<\/p>\n\n\n\n<div class=\"wp-block-image\"><figure class=\"aligncenter size-large is-resized\"><img decoding=\"async\" src=\"https:\/\/lavereda.com.mx\/wp-content\/uploads\/2021\/08\/Tallado-en-piedra-y_o-madera-Nestor-Antonio-Espinoza-Hernandez-Lagartija-en-piedra-575x1024.jpg\" alt=\"\" class=\"wp-image-2074\" width=\"158\" height=\"280\"\/><figcaption>\u201cLargartija en Piedra\u201d<\/figcaption><\/figure><\/div>\n\n\n\n<p>Mientras que en la Categor\u00eda de Cartoner\u00eda y Papel, gan\u00f3 la pieza \u201cMarioneta danzante de Caballitos de Viesca\u201d, del artesano Armando Samaniego Canive, de la ciudad de Torre\u00f3n.<\/p>\n\n\n\n<div class=\"wp-block-image\"><figure class=\"aligncenter size-large is-resized\"><img decoding=\"async\" src=\"https:\/\/lavereda.com.mx\/wp-content\/uploads\/2021\/08\/Cartoneria-y-papel-Armando-Samaniego-Canive-Marioneta_Danzante-de-Caballitos-de-Viesca-575x1024.jpg\" alt=\"\" class=\"wp-image-2077\" width=\"157\" height=\"279\"\/><figcaption>\u201cMarioneta danzante de Caballitos de Viesca\u201d<\/figcaption><\/figure><\/div>\n\n\n\n<p>La pieza ganadora en Cer\u00e1mica, fue la de Jes\u00fas Sinhu\u00e9 Delgado Ram\u00edrez, de Saltillo, con \u201cPared\u00f3n\u201d.<\/p>\n\n\n\n<p>Tambi\u00e9n result\u00f3 ganadora Rosa Mar\u00eda Granados Loreto, con su pieza \u201cTortuga Bisagra de Cuatroci\u00e9negas\u201d en la Categor\u00eda de Orfebrer\u00eda de Plata.<\/p>\n\n\n\n<p>Finalmente, se record\u00f3 que las piezas ganadoras pasar\u00e1n a formar parte del acervo cultural de la Secretar\u00eda de Cultura coahuilense, muchas felicidades a todos los participantes.<\/p>\n\n\n\n<p>Esperamos poder seguir viendo lo que en Coahuila se puede hacer, con creatividad e ingenio.<\/p>\n","protected":false},"excerpt":{"rendered":"<p>Despu\u00e9s de ver el incre\u00edble trabajo de los participantes se da a conocer los ganadores del Premio Estatal de Artesan\u00edas \u201cMis Oficios, Mis manos\u201d, mismo que cuenta con un est\u00edmulo &hellip; <a href=\"https:\/\/lavereda.com.mx\/index.php\/2021\/08\/14\/se-anuncia-los-ganadores-del-premio-estatal-de-artesania-mis-oficios-mis-manos\/\" class=\"more-link\">Leer m\u00e1s<\/a><\/p>\n","protected":false},"author":1,"featured_media":2076,"comment_status":"open","ping_status":"open","sticky":false,"template":"","format":"standard","meta":{"footnotes":""},"categories":[3,18],"tags":[],"class_list":["post-2072","post","type-post","status-publish","format-standard","has-post-thumbnail","hentry","category-artes-visuales","category-lomasrelevante","entry"],"_links":{"self":[{"href":"https:\/\/lavereda.com.mx\/index.php\/wp-json\/wp\/v2\/posts\/2072","targetHints":{"allow":["GET"]}}],"collection":[{"href":"https:\/\/lavereda.com.mx\/index.php\/wp-json\/wp\/v2\/posts"}],"about":[{"href":"https:\/\/lavereda.com.mx\/index.php\/wp-json\/wp\/v2\/types\/post"}],"author":[{"embeddable":true,"href":"https:\/\/lavereda.com.mx\/index.php\/wp-json\/wp\/v2\/users\/1"}],"replies":[{"embeddable":true,"href":"https:\/\/lavereda.com.mx\/index.php\/wp-json\/wp\/v2\/comments?post=2072"}],"version-history":[{"count":2,"href":"https:\/\/lavereda.com.mx\/index.php\/wp-json\/wp\/v2\/posts\/2072\/revisions"}],"predecessor-version":[{"id":2080,"href":"https:\/\/lavereda.com.mx\/index.php\/wp-json\/wp\/v2\/posts\/2072\/revisions\/2080"}],"wp:featuredmedia":[{"embeddable":true,"href":"https:\/\/lavereda.com.mx\/index.php\/wp-json\/wp\/v2\/media\/2076"}],"wp:attachment":[{"href":"https:\/\/lavereda.com.mx\/index.php\/wp-json\/wp\/v2\/media?parent=2072"}],"wp:term":[{"taxonomy":"category","embeddable":true,"href":"https:\/\/lavereda.com.mx\/index.php\/wp-json\/wp\/v2\/categories?post=2072"},{"taxonomy":"post_tag","embeddable":true,"href":"https:\/\/lavereda.com.mx\/index.php\/wp-json\/wp\/v2\/tags?post=2072"}],"curies":[{"name":"wp","href":"https:\/\/api.w.org\/{rel}","templated":true}]}}