{"id":2059,"date":"2021-08-13T20:45:44","date_gmt":"2021-08-13T20:45:44","guid":{"rendered":"http:\/\/lavereda.com.mx\/?p=2059"},"modified":"2021-08-13T20:45:46","modified_gmt":"2021-08-13T20:45:46","slug":"la-edicion-69-de-la-muestra-internacional-de-cine-llega-a-torreon","status":"publish","type":"post","link":"https:\/\/lavereda.com.mx\/index.php\/2021\/08\/13\/la-edicion-69-de-la-muestra-internacional-de-cine-llega-a-torreon\/","title":{"rendered":"La Edici\u00f3n 69 de la Muestra Internacional de Cine llega a Torre\u00f3n"},"content":{"rendered":"\n<p>El compromiso con el desarrollo cultural y la difusi\u00f3n del s\u00e9ptimo arte se llevar\u00e1 a cabo en esta ocasi\u00f3n con 7 largometrajes que han ganado prestigio a nivel mundial y han aportado su mirada al panorama audiovisual contempor\u00e1neo.<\/p>\n\n\n\n<p>La Universidad iberoamericana Torre\u00f3n a trav\u00e9s de un convenio con la Cineteca nacional presentar\u00e1 siete de las cintas m\u00e1s reconocidas en festivales internacionales.<\/p>\n\n\n\n<p>La Muestra contar\u00e1 con producciones de pa\u00edses como M\u00e9xico, Catar, Rep\u00fablica Dominicana, Alemania, Francia, Grecia, Ir\u00e1n, Taiw\u00e1n y Guatemala. Se proyectar\u00e1n del jueves 19 al mi\u00e9rcoles 25 de agosto en Cin\u00e9polis Galer\u00edas en dos horarios por d\u00eda.<\/p>\n\n\n\n<p>La selecci\u00f3n incluye a directores como Joshua Gil, Christian Petzold, Costa-Gavras, Majid Majidi, Jean Paul Civeyrac, Tsai Ming-liang y Jayro Bustamante.<\/p>\n\n\n\n<div class=\"wp-block-image\"><figure class=\"aligncenter size-large\"><img fetchpriority=\"high\" decoding=\"async\" width=\"428\" height=\"573\" src=\"https:\/\/lavereda.com.mx\/wp-content\/uploads\/2021\/08\/aa0c67bf-6b36-4dec-89ee-36a6142c47b7.jpg\" alt=\"\" class=\"wp-image-2060\" srcset=\"https:\/\/lavereda.com.mx\/wp-content\/uploads\/2021\/08\/aa0c67bf-6b36-4dec-89ee-36a6142c47b7.jpg 428w, https:\/\/lavereda.com.mx\/wp-content\/uploads\/2021\/08\/aa0c67bf-6b36-4dec-89ee-36a6142c47b7-224x300.jpg 224w\" sizes=\"(max-width: 428px) 100vw, 428px\" \/><\/figure><\/div>\n\n\n\n<p><\/p>\n\n\n\n<p>Adem\u00e1s, todas las exhibiciones se realizar\u00e1n con estricto apego a los protocolos de salud e higiene dispuestos por las autoridades federales, as\u00ed como con un aforo de m\u00e1ximo del 70% de la capacidad de las salas de Cin\u00e9polis Galer\u00edas Laguna.<\/p>\n\n\n\n<p>Este a\u00f1o, la Muestra Internacional de Cine abrir\u00e1 con el film <strong><em>Sanctorum<\/em><\/strong> (M\u00e9xico, 2019) de Joshua Gil, primera pel\u00edcula nacional que se encarg\u00f3 de cerrar el Festival Internacional de Cine de Venecia y que adem\u00e1s obtuvo el Premio Guerrero de la prensa en el Festival Internacional de Cine de Morelia.&nbsp;&nbsp;<\/p>\n\n\n\n<p>Adem\u00e1s, las esperadas pel\u00edculas de maestros del cine contempor\u00e1neo se dan cita en el evento: <strong><em>Undine<\/em><\/strong> (Alemania, 2020) de Christian Petzold, protagonizada por Paula Beer, galardonada con el Oso de Plata como Mejor actriz en la Berlinale; el veterano Konstantinos \u201cCosta\u201d Gavras forma parte de la selecci\u00f3n de la Muestra con su s\u00e1tira pol\u00edtica <strong><em>A puertas cerradas<\/em><\/strong> (Francia-Grecia, 2019), basada en la novela hom\u00f3nima de Yanis Varoufakis.<\/p>\n\n\n\n<p>La pel\u00edcula <strong><em>Days<\/em><\/strong> (Taiw\u00e1n, 2020) de Tsai Ming-liang, que propone un ensayo observacional sobre el cuerpo y el alma de dos hombres en estratos sociales distintos entre s\u00ed.<\/p>\n\n\n\n<p>El resto de la selecci\u00f3n se conforma por <strong><em>Los hijos del Sol<\/em><\/strong> (Ir\u00e1n, 2020) de Majid Majidi, quien revisa el \u00e1spero contexto de la infancia iran\u00ed con trazos neorrealistas<strong><em> La educaci\u00f3n parisina <\/em><\/strong>(Francia, 2018) de Jean Paul Civeyrac, una pel\u00edcula sobre el cine mismo y la cinefilia que homenajea a la Nouvelle vague.<s><\/s><\/p>\n\n\n\n<p>Para cerrar la 69 Muestra, llegar\u00e1 <strong><em>La llorona<\/em><\/strong> (Guatemala, 2020) de Jayro Bustamante, pel\u00edcula ganadora del Premio de la Giornate degli Autori en el Festival Internacional de Cine de Venecia y con la que el cineasta cierra su \u201cTrilog\u00eda del desprecio\u201d.<\/p>\n\n\n\n<p>Se llevar\u00e1 a cabo del 19 al 25 de agosto en Cin\u00e9polis Galer\u00edas Laguna, de acuerdo con los protocolos de salud establecidos por las autoridades. Para consultar cartelera y otros detalles: <a href=\"http:\/\/www.cinepolis.com\">www.cinepolis.com<\/a><\/p>\n","protected":false},"excerpt":{"rendered":"<p>El compromiso con el desarrollo cultural y la difusi\u00f3n del s\u00e9ptimo arte se llevar\u00e1 a cabo en esta ocasi\u00f3n con 7 largometrajes que han ganado prestigio a nivel mundial y &hellip; <a href=\"https:\/\/lavereda.com.mx\/index.php\/2021\/08\/13\/la-edicion-69-de-la-muestra-internacional-de-cine-llega-a-torreon\/\" class=\"more-link\">Leer m\u00e1s<\/a><\/p>\n","protected":false},"author":1,"featured_media":2067,"comment_status":"open","ping_status":"open","sticky":false,"template":"","format":"standard","meta":{"footnotes":""},"categories":[3,18],"tags":[],"class_list":["post-2059","post","type-post","status-publish","format-standard","has-post-thumbnail","hentry","category-artes-visuales","category-lomasrelevante","entry"],"_links":{"self":[{"href":"https:\/\/lavereda.com.mx\/index.php\/wp-json\/wp\/v2\/posts\/2059","targetHints":{"allow":["GET"]}}],"collection":[{"href":"https:\/\/lavereda.com.mx\/index.php\/wp-json\/wp\/v2\/posts"}],"about":[{"href":"https:\/\/lavereda.com.mx\/index.php\/wp-json\/wp\/v2\/types\/post"}],"author":[{"embeddable":true,"href":"https:\/\/lavereda.com.mx\/index.php\/wp-json\/wp\/v2\/users\/1"}],"replies":[{"embeddable":true,"href":"https:\/\/lavereda.com.mx\/index.php\/wp-json\/wp\/v2\/comments?post=2059"}],"version-history":[{"count":2,"href":"https:\/\/lavereda.com.mx\/index.php\/wp-json\/wp\/v2\/posts\/2059\/revisions"}],"predecessor-version":[{"id":2065,"href":"https:\/\/lavereda.com.mx\/index.php\/wp-json\/wp\/v2\/posts\/2059\/revisions\/2065"}],"wp:featuredmedia":[{"embeddable":true,"href":"https:\/\/lavereda.com.mx\/index.php\/wp-json\/wp\/v2\/media\/2067"}],"wp:attachment":[{"href":"https:\/\/lavereda.com.mx\/index.php\/wp-json\/wp\/v2\/media?parent=2059"}],"wp:term":[{"taxonomy":"category","embeddable":true,"href":"https:\/\/lavereda.com.mx\/index.php\/wp-json\/wp\/v2\/categories?post=2059"},{"taxonomy":"post_tag","embeddable":true,"href":"https:\/\/lavereda.com.mx\/index.php\/wp-json\/wp\/v2\/tags?post=2059"}],"curies":[{"name":"wp","href":"https:\/\/api.w.org\/{rel}","templated":true}]}}