{"id":205,"date":"2020-08-15T03:14:01","date_gmt":"2020-08-15T03:14:01","guid":{"rendered":"https:\/\/web.lavereda.com.mx\/?p=205"},"modified":"2020-08-15T03:14:01","modified_gmt":"2020-08-15T03:14:01","slug":"con-amplia-experiencia-enrique-barrios-dirige-a-la-camerata","status":"publish","type":"post","link":"https:\/\/lavereda.com.mx\/index.php\/2020\/08\/15\/con-amplia-experiencia-enrique-barrios-dirige-a-la-camerata\/","title":{"rendered":"Con amplia experiencia, Enrique Barrios dirige a la Camerata"},"content":{"rendered":"\n<p>Camerata de Coahuila presentar\u00e1 este viernes su 5 concierto de temporada primavera \u2013 verano 2020. El programa se integra por el concierto para clarinete de Carl Nielsen, con la participaci\u00f3n como solista de Juan Jos\u00e9 Carre\u00f3n, adem\u00e1s Peer Gynt Y Dos melod\u00edas eleg\u00edacas de Edvard Grieg&nbsp;&nbsp;y Danz\u00f3n No. 4 de Arturo Marquez, bajo la direcci\u00f3n del maestro invitado, Enrique Barrios.&nbsp;<\/p>\n\n\n\n<hr class=\"wp-block-separator\" id=\"system-readmore\"\/>\n\n\n\n<p>El maestro&nbsp;<strong>Enrique Barrios<\/strong>&nbsp;es el director art\u00edstico de la Orquesta Sinf\u00f3nica del Instituto Polit\u00e9cnico Nacional. Por m\u00e1s de 30 a\u00f1os ha dirigido orquestas sinf\u00f3nicas y \u00f3pera en 25 pa\u00edses. Ha estado al frente de m\u00e1s de 200 orquestas que incluyen: Sinf\u00f3nica de Berl\u00edn, Orquesta Nacional del Capitolio de Toulouse, Filarm\u00f3nica Checa, BBC Philharmonic, Sinf\u00f3nica del Colorado, Grant Park Festival de Chicago y las principales orquestas de M\u00e9xico. Ha dirigido ante m\u00e1s de 20 presidentes y mandatarios de diversos pa\u00edses.<\/p>\n\n\n\n<p>Ha sido director art\u00edstico de la Orquesta Filarm\u00f3nica de la Ciudad de M\u00e9xico (OFCM) y la Sinf\u00f3nica de Aguascalientes, director asociado de la OFUNAM y de la San Antonio Symphony, en Texas, E.U. En nuestro pa\u00eds ha sido tambi\u00e9n director de la Orquesta del Teatro de Bellas Artes, adem\u00e1s de haber dirigido como hu\u00e9sped pr\u00e1cticamente en el mundo entero. Como director art\u00edstico, ha llevado orquestas mexicanas a realizar giras por Europa, Estados Unidos, Am\u00e9rica del Sur y Lejano Oriente.<\/p>\n\n\n\n<p>Fue director musical de la \u00d3pera de Bellas Artes en M\u00e9xico y como hu\u00e9sped ha dirigido la \u00d3pera Estatal de Mosc\u00fa, Estatal de Hungr\u00eda, Estatal de Praga y \u00d3pera de Irlanda del Norte. Ha recibido diversos reconocimientos, entre los que destacan el Hispanic Artist Fellowship en Estados Unidos y el de la Sociedad Mahleriana.&nbsp;<\/p>\n\n\n\n<p>Enrique Barrios ha realizado 20 grabaciones para diversos sellos discogr\u00e1ficos como: Philips, Sony, Polygram, BMG Classics y Naxos, siempre impulsando la difusi\u00f3n de las obras de compositoras y compositores mexicanos de concierto.<\/p>\n\n\n\n<p>El solista&nbsp;<strong>Juan Jos\u00e9 Carre\u00f3n Ruiz<\/strong>, fue Ganador del tercer lugar en el \u201cI Concurso Internacional de Clarinete de Monterrey\u201d, finalista del Concurso Nacional de Clarinete 2018, organizado por el Conservatorio Nacional de M\u00fasica y finalista del Concurso Nacional de Clarinete 2018, organizado por la Facultad de M\u00fasica de la UNAM.&nbsp;<\/p>\n\n\n\n<p>En 2010 particip\u00f3 en la Orquesta Sinf\u00f3nica Juvenil Iberoamericana, dirigida por el Mtro. Enrique Barrios, con la cual realiz\u00f3 la gira Bicentenario en las ciudades de M\u00e9xico, Buenos Aires y Mar de Plata en Argentina. En 2018 se titula de la c\u00e1tedra de la maestra Raquel Contreras Salinas en la Faculta de M\u00fasica de la Universidad Veracruzana. Desde 2019 forma parte como clarinetista de la Camerata de Coahuila.<\/p>\n\n\n\n<p>La cita es este viernes 21 de febrero, en punto de las 20:30 horas, en el&nbsp;&nbsp;Teatro Nazas, los boletos pueden ser adquiridos a trav\u00e9s de la plataforma de Ticketmaster o en taquillas del teatro.<\/p>\n","protected":false},"excerpt":{"rendered":"<p>Camerata de Coahuila presentar\u00e1 este viernes su 5 concierto de temporada primavera \u2013 verano 2020. El programa se integra por el concierto para clarinete de Carl Nielsen, con la participaci\u00f3n como solista de Juan Jos\u00e9 Carre\u00f3n, adem\u00e1s Peer Gynt Y Dos melod\u00edas eleg\u00edacas de Edvard Grieg  y Danz\u00f3n No. 4 de Arturo Marquez, bajo la direcci\u00f3n del maestro invitado, Enrique Barrios. <\/p>\n","protected":false},"author":1,"featured_media":190,"comment_status":"open","ping_status":"open","sticky":false,"template":"","format":"standard","meta":{"footnotes":""},"categories":[4],"tags":[],"class_list":["post-205","post","type-post","status-publish","format-standard","has-post-thumbnail","hentry","category-musica","entry"],"_links":{"self":[{"href":"https:\/\/lavereda.com.mx\/index.php\/wp-json\/wp\/v2\/posts\/205","targetHints":{"allow":["GET"]}}],"collection":[{"href":"https:\/\/lavereda.com.mx\/index.php\/wp-json\/wp\/v2\/posts"}],"about":[{"href":"https:\/\/lavereda.com.mx\/index.php\/wp-json\/wp\/v2\/types\/post"}],"author":[{"embeddable":true,"href":"https:\/\/lavereda.com.mx\/index.php\/wp-json\/wp\/v2\/users\/1"}],"replies":[{"embeddable":true,"href":"https:\/\/lavereda.com.mx\/index.php\/wp-json\/wp\/v2\/comments?post=205"}],"version-history":[{"count":1,"href":"https:\/\/lavereda.com.mx\/index.php\/wp-json\/wp\/v2\/posts\/205\/revisions"}],"predecessor-version":[{"id":206,"href":"https:\/\/lavereda.com.mx\/index.php\/wp-json\/wp\/v2\/posts\/205\/revisions\/206"}],"wp:featuredmedia":[{"embeddable":true,"href":"https:\/\/lavereda.com.mx\/index.php\/wp-json\/wp\/v2\/media\/190"}],"wp:attachment":[{"href":"https:\/\/lavereda.com.mx\/index.php\/wp-json\/wp\/v2\/media?parent=205"}],"wp:term":[{"taxonomy":"category","embeddable":true,"href":"https:\/\/lavereda.com.mx\/index.php\/wp-json\/wp\/v2\/categories?post=205"},{"taxonomy":"post_tag","embeddable":true,"href":"https:\/\/lavereda.com.mx\/index.php\/wp-json\/wp\/v2\/tags?post=205"}],"curies":[{"name":"wp","href":"https:\/\/api.w.org\/{rel}","templated":true}]}}