{"id":2046,"date":"2021-08-12T16:00:05","date_gmt":"2021-08-12T16:00:05","guid":{"rendered":"http:\/\/lavereda.com.mx\/?p=2046"},"modified":"2021-08-12T16:00:23","modified_gmt":"2021-08-12T16:00:23","slug":"imcine-celebra-el-dia-nacional-del-cine-mexicano-2021","status":"publish","type":"post","link":"https:\/\/lavereda.com.mx\/index.php\/2021\/08\/12\/imcine-celebra-el-dia-nacional-del-cine-mexicano-2021\/","title":{"rendered":"Imcine celebra el D\u00eda Nacional del Cine Mexicano 2021"},"content":{"rendered":"\n<p>El 15 de agosto es el D\u00eda Nacional del <strong>Cine Mexicano<\/strong> y para conmemorarlo, Imcine, presenta <em>#TodoLoQueVemos: La diversidad de los caminos es la diversidad de nuestras historias<\/em>, una programaci\u00f3n compuesta por 58 t\u00edtulos que tiene por objetivo que el p\u00fablico mexicano acceda al m\u00e1s variado cine nacional y lo disfrute en salas de cine y a trav\u00e9s de sus televisores, computadoras, tabletas o celulares. Esta fecha es la ocasi\u00f3n perfecta para celebrar la diversidad del cine y el audiovisual que se realiza en el pa\u00eds, la cual condensa la riqueza natural y cultural de lenguas, cosmogon\u00edas, ecosistemas, imaginarios y maneras de experimentar la vida, en un momento en que todas las miradas cobran relevancia y obligan a reconocerlas en su urgencia y su dignidad.<\/p>\n\n\n\n<p>La traves\u00eda cr\u00edtica e hist\u00f3rica del maestro Felipe Cazals es el eje de esta celebraci\u00f3n, ser\u00e1 inaugurada el 15 de agosto con una charla en Canal 22 entre el cineasta y el documentalista Everardo Gonz\u00e1lez.<\/p>\n\n\n\n<p>Adem\u00e1s en colaboraci\u00f3n con Netflix, la colecci\u00f3n<em> Que M\u00e9xico se vea<\/em>, curada por el Imcine, estar\u00e1 disponible en la plataformaa partir del 15 de agosto y hasta el 15 de septiembre.<\/p>\n\n\n\n<p>La secretaria de Cultura del Gobierno de M\u00e9xico, Alejandra Frausto Guerrero, coment\u00f3 que en esta conmemoraci\u00f3n se reconoce a una de las industrias culturales m\u00e1s importantes para el pa\u00eds.<\/p>\n\n\n\n<p>\u201cFelicidades a todas las personas que hacen posible que el cine mexicano exista y sea reconocido en todo el mundo. No hay mejor forma de conmemorarlo que viendo cine nacional. Por ello, hemos preparado esta programaci\u00f3n que estar\u00e1 disponible en l\u00ednea, a trav\u00e9s de televisiones p\u00fablicas y en salas\u201d.<\/p>\n\n\n\n<p>La programaci\u00f3n de este a\u00f1o ofrece a la audiencia distintas narrativas temas y formatos. Propone la diversidad desde la hechura, la est\u00e9tica formal, las lenguas, regiones y comunidades de M\u00e9xico con relatos surgidos desde su perspectiva: la resistencia, la sexualidad, la resiliencia, sin olvidar las historias contadas por mujeres o aquellas galvanizadas por el tiempo, o bien las nuevas formas del cine experimental.&nbsp;<\/p>\n\n\n\n<p>La celebraci\u00f3n ser\u00e1 del 15 de agosto al 19 de septiembre con funciones especiales -algunas de las cuales a\u00fan no se estrenan en salas comerciales- y una nutrida selecci\u00f3n de cine mexicano contempor\u00e1neo que refleja en su conjunto una diversidad de preocupaciones y tem\u00e1ticas actuales.<\/p>\n\n\n\n<div class=\"wp-block-image\"><figure class=\"aligncenter size-large\"><img fetchpriority=\"high\" decoding=\"async\" width=\"640\" height=\"427\" src=\"https:\/\/lavereda.com.mx\/wp-content\/uploads\/2021\/08\/Erase-una-vez_-Dir.-Juan-Carlos-Rulfo-cortesia-de-La-media-luna-producciones-web.jpg\" alt=\"\" class=\"wp-image-2048\" srcset=\"https:\/\/lavereda.com.mx\/wp-content\/uploads\/2021\/08\/Erase-una-vez_-Dir.-Juan-Carlos-Rulfo-cortesia-de-La-media-luna-producciones-web.jpg 640w, https:\/\/lavereda.com.mx\/wp-content\/uploads\/2021\/08\/Erase-una-vez_-Dir.-Juan-Carlos-Rulfo-cortesia-de-La-media-luna-producciones-web-300x200.jpg 300w\" sizes=\"(max-width: 640px) 100vw, 640px\" \/><\/figure><\/div>\n\n\n\n<p>En esta colecci\u00f3n hay t\u00edtulos de cine ind\u00edgena, comunitario y afrodescendiente; documentales, piezas experimentales, cine de la diversidad sexual, y g\u00e9neros cinematogr\u00e1ficos como horror, comedia y melodrama, entre otras sorpresas que se podr\u00e1n disfrutar en 71 sedes presenciales como teatros, salas de cine, universidades, centros culturales, museos, bibliotecas, cineclubes y CEFERESOS; en la plataforma del Imcine, FilminLatino y en 21 televisoras de 18 estados del pa\u00eds y, siguiendo los protocolos para el cuidado de la salud y en apego a los sem\u00e1foros epidemiol\u00f3gicos,<\/p>\n\n\n\n<p>A lo largo del \u00faltimo a\u00f1o, el cine mexicano ha encontrado en los espacios virtuales y en la televisi\u00f3n sitios propicios para que las audiencias lo puedan ver, reflexionar y valorar.<\/p>\n\n\n\n<p>Espacios con oferta de cine en l\u00ednea como MUBI, Tonal\u00e1 Tv, Plataforma Cine, Claro Video, Yo Mobile, Play Piano, Docs en l\u00ednea, Interior XIII VOD, Cin\u00e9polis Klic (a partir de septiembre), entre otros se unen a la celebraci\u00f3n. Por ejemplo, la Filmoteca de la Universidad Nacional Aut\u00f3noma de M\u00e9xico, que el 15 de agosto exhibir\u00e1 de forma gratuita cuatro pel\u00edculas (disponibles por 24 horas) en <a href=\"http:\/\/www.filmoteca.unam.mx\">www.filmoteca.unam.mx<\/a>. <s><\/s><\/p>\n\n\n\n<p>Otro aliado de la programaci\u00f3n de este a\u00f1o es el Fideicomiso para la promoci\u00f3n y desarrollo del cine mexicano en la Ciudad de M\u00e9xico (Procine), que se une con m\u00e1s de 16 funciones en el <a href=\"http:\/\/www.tlalpan.cdmx.gob.mx\/cine-villa-olimpica\/\">Cine Villa Ol\u00edmpica<\/a>, <a href=\"https:\/\/www.facebook.com\/ColectivoMadejadeIdeas\/\">Cine Club Comunitario Madeja de Ideas <\/a>y <a href=\"https:\/\/alcaldiabenitojuarez.gob.mx\/cultura.php\">Cineclub Audiovideorama Parque Hundido<\/a>.&nbsp;<\/p>\n\n\n\n<p>Fuera de M\u00e9xico, en colaboraci\u00f3n con la Secretar\u00eda de Relaciones Exteriores y distintas instancias internacionales, se realizar\u00e1n m\u00e1s de 215 proyecciones de 24 t\u00edtulos mexicanos en 50 representaciones diplom\u00e1ticas de 35 pa\u00edses, para el disfrute tanto de los p\u00fablicos mexicanos en el extranjero como de los residentes de esas latitudes.<\/p>\n\n\n\n<p>En donde la contingencia sanitaria lo permita, las funciones se realizar\u00e1n de manera presencial; sin embargo, la mayor\u00eda se llevar\u00e1n a cabo de manera h\u00edbrida a trav\u00e9s de las plataformas digitales de Diplomacia Cultural y sus representaciones. De igual manera, se estableci\u00f3 una colaboraci\u00f3n con la Red de Televisoras de Am\u00e9rica Latina para transmitir 10 cortometrajes y 5 largometrajes mexicanos en 68 televisoras p\u00fablicas de la regi\u00f3n.&nbsp;<\/p>\n\n\n\n<p>Finalmente, la celebraci\u00f3n de este a\u00f1o se complementar\u00e1 con la exposici\u00f3n virtual <em>Papel, color y tinta <\/em>del acervo del Instituto Mexicano de Cinematograf\u00eda. A partir del 25 de agosto, el p\u00fablico mexicano podr\u00e1 hacer un recorrido general a trav\u00e9s de la tipograf\u00eda y el dise\u00f1o de carteles del cine mexicano para, unos d\u00edas despu\u00e9s, adentrarse en la est\u00e9tica de 18 carteles de la filmograf\u00eda de Felipe Cazals, en el marco del homenaje <em>Ruta Cazals<\/em>.&nbsp;<\/p>\n\n\n\n<figure class=\"wp-block-image size-large\"><img decoding=\"async\" width=\"1000\" height=\"525\" src=\"https:\/\/lavereda.com.mx\/wp-content\/uploads\/2021\/08\/DNCM-GRAL_TW.jpg\" alt=\"\" class=\"wp-image-2047\" srcset=\"https:\/\/lavereda.com.mx\/wp-content\/uploads\/2021\/08\/DNCM-GRAL_TW.jpg 1000w, https:\/\/lavereda.com.mx\/wp-content\/uploads\/2021\/08\/DNCM-GRAL_TW-300x158.jpg 300w, https:\/\/lavereda.com.mx\/wp-content\/uploads\/2021\/08\/DNCM-GRAL_TW-768x403.jpg 768w\" sizes=\"(max-width: 1000px) 100vw, 1000px\" \/><\/figure>\n\n\n\n<p>La programaci\u00f3n general del D\u00eda Nacional del Cine Mexicano 2021, con fechas y horarios, puede ser consultada en la p\u00e1gina del Imcine: <a href=\"http:\/\/www.imcine.gob.mx\">www.imcine.gob.mx<\/a> y en la plataforma contigoenladistancia.cultura.gob.mx.<\/p>\n\n\n\n<p>Para m\u00e1s informaci\u00f3n sigue las redes sociales de la Secretar\u00eda de Cultura en Twitter (@cultura_mx), Facebook (\/SecretariaCulturaMX) e Instagram (@culturamx).<\/p>\n","protected":false},"excerpt":{"rendered":"<p>El 15 de agosto es el D\u00eda Nacional del Cine Mexicano y para conmemorarlo, Imcine, presenta #TodoLoQueVemos: La diversidad de los caminos es la diversidad de nuestras historias, una programaci\u00f3n &hellip; <a href=\"https:\/\/lavereda.com.mx\/index.php\/2021\/08\/12\/imcine-celebra-el-dia-nacional-del-cine-mexicano-2021\/\" class=\"more-link\">Leer m\u00e1s<\/a><\/p>\n","protected":false},"author":1,"featured_media":2049,"comment_status":"open","ping_status":"open","sticky":false,"template":"","format":"standard","meta":{"footnotes":""},"categories":[3,7,18],"tags":[],"class_list":["post-2046","post","type-post","status-publish","format-standard","has-post-thumbnail","hentry","category-artes-visuales","category-entretenimiento","category-lomasrelevante","entry"],"_links":{"self":[{"href":"https:\/\/lavereda.com.mx\/index.php\/wp-json\/wp\/v2\/posts\/2046","targetHints":{"allow":["GET"]}}],"collection":[{"href":"https:\/\/lavereda.com.mx\/index.php\/wp-json\/wp\/v2\/posts"}],"about":[{"href":"https:\/\/lavereda.com.mx\/index.php\/wp-json\/wp\/v2\/types\/post"}],"author":[{"embeddable":true,"href":"https:\/\/lavereda.com.mx\/index.php\/wp-json\/wp\/v2\/users\/1"}],"replies":[{"embeddable":true,"href":"https:\/\/lavereda.com.mx\/index.php\/wp-json\/wp\/v2\/comments?post=2046"}],"version-history":[{"count":1,"href":"https:\/\/lavereda.com.mx\/index.php\/wp-json\/wp\/v2\/posts\/2046\/revisions"}],"predecessor-version":[{"id":2050,"href":"https:\/\/lavereda.com.mx\/index.php\/wp-json\/wp\/v2\/posts\/2046\/revisions\/2050"}],"wp:featuredmedia":[{"embeddable":true,"href":"https:\/\/lavereda.com.mx\/index.php\/wp-json\/wp\/v2\/media\/2049"}],"wp:attachment":[{"href":"https:\/\/lavereda.com.mx\/index.php\/wp-json\/wp\/v2\/media?parent=2046"}],"wp:term":[{"taxonomy":"category","embeddable":true,"href":"https:\/\/lavereda.com.mx\/index.php\/wp-json\/wp\/v2\/categories?post=2046"},{"taxonomy":"post_tag","embeddable":true,"href":"https:\/\/lavereda.com.mx\/index.php\/wp-json\/wp\/v2\/tags?post=2046"}],"curies":[{"name":"wp","href":"https:\/\/api.w.org\/{rel}","templated":true}]}}