{"id":2037,"date":"2021-08-10T02:43:26","date_gmt":"2021-08-10T02:43:26","guid":{"rendered":"http:\/\/lavereda.com.mx\/?p=2037"},"modified":"2021-08-10T02:43:55","modified_gmt":"2021-08-10T02:43:55","slug":"en-pausa-una-exposicion-que-aborda-el-mundo-cotidiano","status":"publish","type":"post","link":"https:\/\/lavereda.com.mx\/index.php\/2021\/08\/10\/en-pausa-una-exposicion-que-aborda-el-mundo-cotidiano\/","title":{"rendered":"En Pausa, una exposici\u00f3n que aborda el mundo cotidiano"},"content":{"rendered":"\n<p>\u201cEn Pausa\u201d es el t\u00edtulo de la obra pict\u00f3rica de la artista lagunera Tet\u00e9 Dom\u00ednguez Zarzar que ser\u00e1 exhibida en la Galer\u00eda de Arte Contempor\u00e1neo del Teatro Isauro Mart\u00ednez, a partir del jueves 13 de agosto. Su trabajo se inscribe en el arte contempor\u00e1neo y de realismo figurativo.<\/p>\n\n\n\n<p>De acuerdo con la artista, esta muestra integrada por 31 piezas, \u201caborda el tema de la frustraci\u00f3n en medio de un mundo que gira tan r\u00e1pido donde apenas alcanzamos a percibir nuestros pasos\u201d.<\/p>\n\n\n\n<p>En medio del caos que es la vida diaria es dif\u00edcil conectarse con uno mismo. En un intento de hacerlo, comparti\u00f3 que decide pintar lo que puede cuando puede. Esto le permiti\u00f3 entender que, a pesar de esa prisa continua, pinta sus pausas.<\/p>\n\n\n\n<p>\u201cEn Pausa es una serie que habla del tiempo, de las prisas, de la cotidianidad y de los peque\u00f1os silencios que en ocasiones la vida nos ofrece\u201d, agreg\u00f3.<\/p>\n\n\n\n<p>Ella pinta objetos sencillos, de consumo com\u00fan, que nos detonan se\u00f1ales que ponen en cuesti\u00f3n la verdadera importancia y relevancia que tienen esos peque\u00f1os detalles de la vida.<\/p>\n\n\n\n<blockquote class=\"wp-block-quote is-layout-flow wp-block-quote-is-layout-flow\"><p>\u201cEn la cotidianidad hay peque\u00f1os destellos de paz, intento hablar a trav\u00e9s de esos objetos y con ellos mostrar \u00e1mbito y sentimientos. La vida est\u00e1 llena de excesos y vac\u00edos, los objetos le permiten aludir a este sentimiento general simple y complicado de la vida, donde es f\u00e1cil perder de vista el verdadero valor de las cosas que est\u00e1 en el interior\u201d, expres\u00f3 la pntora.<\/p><\/blockquote>\n\n\n\n<p>La exposici\u00f3n podr\u00e1 ser visitada en horario de 10:00 de la ma\u00f1ana a 2:00 de la tarde de lunes a viernes, despu\u00e9s de la inauguraci\u00f3n que ser\u00e1 el 12 de agosto a las 19:30 horas.<\/p>\n\n\n\n<p><strong>TRAYECTORIA<\/strong><\/p>\n\n\n\n<p>Tete Zarzar ha expuesto \u201cEn Pausa\u201d en el Museo Rub\u00e9n Herrera, la muestra&nbsp;&nbsp;\u201cBreve Espacio\u201d en el Centro de Artes Visuales Universidad Aut\u00f3noma de Coahuila y \u201cAbrazando un \u00c1rbol\u201d Instituto Tecnol\u00f3gico de Monterrey Campus Laguna.<\/p>\n\n\n\n<p>Tambi\u00e9n ha participado en exposiciones colectivas en la Galer\u00eda de la academia internacional de los derechos humanos, en una exposici\u00f3n itinerante peque\u00f1o formato \u201cMil artistas visuales de M\u00e9xico\u201d.<\/p>\n\n\n\n<p>Ha participado en el Concurso estatal de los derechos humanos, tercer concurso nacional de artes visuales en miniatura en Aguascalientes, asimismo&nbsp;&nbsp;ha tomado diferentes talleres y seminarios.<\/p>\n","protected":false},"excerpt":{"rendered":"<p>\u201cEn Pausa\u201d es el t\u00edtulo de la obra pict\u00f3rica de la artista lagunera Tet\u00e9 Dom\u00ednguez Zarzar que ser\u00e1 exhibida en la Galer\u00eda de Arte Contempor\u00e1neo del Teatro Isauro Mart\u00ednez, a &hellip; <a href=\"https:\/\/lavereda.com.mx\/index.php\/2021\/08\/10\/en-pausa-una-exposicion-que-aborda-el-mundo-cotidiano\/\" class=\"more-link\">Leer m\u00e1s<\/a><\/p>\n","protected":false},"author":9,"featured_media":2038,"comment_status":"open","ping_status":"open","sticky":false,"template":"","format":"standard","meta":{"footnotes":""},"categories":[3],"tags":[],"class_list":["post-2037","post","type-post","status-publish","format-standard","has-post-thumbnail","hentry","category-artes-visuales","entry"],"_links":{"self":[{"href":"https:\/\/lavereda.com.mx\/index.php\/wp-json\/wp\/v2\/posts\/2037","targetHints":{"allow":["GET"]}}],"collection":[{"href":"https:\/\/lavereda.com.mx\/index.php\/wp-json\/wp\/v2\/posts"}],"about":[{"href":"https:\/\/lavereda.com.mx\/index.php\/wp-json\/wp\/v2\/types\/post"}],"author":[{"embeddable":true,"href":"https:\/\/lavereda.com.mx\/index.php\/wp-json\/wp\/v2\/users\/9"}],"replies":[{"embeddable":true,"href":"https:\/\/lavereda.com.mx\/index.php\/wp-json\/wp\/v2\/comments?post=2037"}],"version-history":[{"count":2,"href":"https:\/\/lavereda.com.mx\/index.php\/wp-json\/wp\/v2\/posts\/2037\/revisions"}],"predecessor-version":[{"id":2040,"href":"https:\/\/lavereda.com.mx\/index.php\/wp-json\/wp\/v2\/posts\/2037\/revisions\/2040"}],"wp:featuredmedia":[{"embeddable":true,"href":"https:\/\/lavereda.com.mx\/index.php\/wp-json\/wp\/v2\/media\/2038"}],"wp:attachment":[{"href":"https:\/\/lavereda.com.mx\/index.php\/wp-json\/wp\/v2\/media?parent=2037"}],"wp:term":[{"taxonomy":"category","embeddable":true,"href":"https:\/\/lavereda.com.mx\/index.php\/wp-json\/wp\/v2\/categories?post=2037"},{"taxonomy":"post_tag","embeddable":true,"href":"https:\/\/lavereda.com.mx\/index.php\/wp-json\/wp\/v2\/tags?post=2037"}],"curies":[{"name":"wp","href":"https:\/\/api.w.org\/{rel}","templated":true}]}}