{"id":2033,"date":"2021-08-09T23:37:29","date_gmt":"2021-08-09T23:37:29","guid":{"rendered":"http:\/\/lavereda.com.mx\/?p=2033"},"modified":"2021-08-09T23:37:31","modified_gmt":"2021-08-09T23:37:31","slug":"fc-barcelona-se-mantiene-como-un-club-de-talla-mundial","status":"publish","type":"post","link":"https:\/\/lavereda.com.mx\/index.php\/2021\/08\/09\/fc-barcelona-se-mantiene-como-un-club-de-talla-mundial\/","title":{"rendered":"FC Barcelona se mantiene como un club de talla mundial"},"content":{"rendered":"\n<p>El club Barcelona nos est\u00e1 demostrando que no es uno de los mejores del mundo por un jugador, sino que es un equipo conformado por los mejores, esto despu\u00e9s de ganarle al Juventus en un 3-0 en el estadio Johan Cruyff por el trofeo Joan Gamper.<\/p>\n\n\n\n<p>A pesar de la p\u00e9rdida de Leo Messi que fue una pieza importante para seguir posicionando al FC Barcelona en los primeros lugares del mundo por varios a\u00f1os, ahora intentar\u00e1 darle un giro en donde no solo se depender\u00e1 de un jugador, si no de un equipo para ganar varias copas en los pr\u00f3ximos meses.<\/p>\n\n\n\n<p>El partido contra el Juventus tuvo ovaci\u00f3n al minuto de 10 por parte de los aficionados y fans no solo del club, sino de Leo Messi. Y aunque la figura de este gran jugador dejar\u00e1 un hueco en los corazones, no cabe duda que el club cuenta con m\u00e1s jugadores de talla mundial.<\/p>\n\n\n\n<p><strong>Un poco de historia del Club.<\/strong><\/p>\n\n\n\n<p>Seg\u00fan la p\u00e1gina oficial del FC Barcelona contamos con la siguiente informaci\u00f3n de la historia de este club tan ic\u00f3nico.<\/p>\n\n\n\n<figure class=\"wp-block-gallery aligncenter columns-1 is-cropped wp-block-gallery-1 is-layout-flex wp-block-gallery-is-layout-flex\"><ul class=\"blocks-gallery-grid\"><li class=\"blocks-gallery-item\"><figure><img fetchpriority=\"high\" decoding=\"async\" width=\"624\" height=\"368\" src=\"https:\/\/lavereda.com.mx\/wp-content\/uploads\/2021\/08\/16070442.jpg\" alt=\"\" data-id=\"2034\" data-full-url=\"https:\/\/lavereda.com.mx\/wp-content\/uploads\/2021\/08\/16070442.jpg\" data-link=\"https:\/\/lavereda.com.mx\/?attachment_id=2034\" class=\"wp-image-2034\" srcset=\"https:\/\/lavereda.com.mx\/wp-content\/uploads\/2021\/08\/16070442.jpg 624w, https:\/\/lavereda.com.mx\/wp-content\/uploads\/2021\/08\/16070442-300x177.jpg 300w\" sizes=\"(max-width: 624px) 100vw, 624px\" \/><\/figure><\/li><\/ul><\/figure>\n\n\n\n<p>La aventura de la creaci\u00f3n del FC Barcelona en 1899 fue por un grupo de j\u00f3venes, extranjeros y catalanes que viv\u00edan en Barcelona, \u200b\u200ba consecuencia de un proceso de expansi\u00f3n de la pr\u00e1ctica del f\u00fatbol y otros deportes de origen brit\u00e1nico en el continente europeo. Esto explica la naturaleza intercultural del Club, su vocaci\u00f3n polideportiva y la voluntad de arraigo en una ciudad y en un pa\u00eds. Joan Gamper, fundador del Club, fue el alma y el impulsor durante los primeros 25 a\u00f1os. Su compromiso con el FC Barcelona va m\u00e1s all\u00e1 de sus facetas como jugador, directivo y presidente.<\/p>\n\n\n\n<p>En aquellos primeros momentos media camiseta era azul y la otra media, grana, con las mangas del color inverso y los pantalones blancos. La teor\u00eda m\u00e1s probable indica que los colores azul y grana provienen de la indumentaria del equipo de rugby de la escuela inglesa Merchant Taylors&#8217;, donde los hermanos Witty, unos de los primeros socios del Club, hab\u00edan estudiado en su primera juventud.<\/p>\n\n\n\n<p>A partir de la temporada 2008\/09, bajo la direcci\u00f3n de Josep Guardiola el equipo tom\u00f3 nuevas energ\u00edas. Siguiendo el estilo que hab\u00eda iniciado Cruyff, Guardiola fue un firme defensor del modelo deportivo de la cantera y cont\u00f3 desde el comienzo con estos j\u00f3venes jugadores para formar su equipo, que result\u00f3 el mejor de la historia del Bar\u00e7a.<\/p>\n\n\n\n<p>La triple nominaci\u00f3n al FIFA Bal\u00f3n de Oro 2010 de Xavi, Iniesta y Messi, tres jugadores formados en el club, supuso el reconocimiento internacional de este modelo deportivo que consiste en educar, formar y hacer subir a jugadores j\u00f3venes en todas las categor\u00edas del Club. Con este equipo se consolida un modelo de \u00e9xito que lleva el FC Barcelona a vivir los mejores a\u00f1os de su historia, con la consecuci\u00f3n, entre otros t\u00edtulos, de dos Ligas de Campeones y tres campeonatos de Liga, as\u00ed como el ansiado Mundial de Clubes, que culminaba en un a\u00f1o, en 2009, en el que el equipo gan\u00f3 seis t\u00edtulos.<\/p>\n\n\n\n<p>El momento culminante del equipo de Guardiola lleg\u00f3 en la final de Wembley del 28 de mayo de 2011, donde hipnotiz\u00f3 con su juego y deslumbr\u00f3 al mundo con un f\u00fatbol de ensue\u00f1o. La prensa mundial elogi\u00f3 el juego de este Bar\u00e7a y se rindi\u00f3 a la excelencia de un equipo que escrib\u00eda una de las p\u00e1ginas m\u00e1s brillantes de la historia del f\u00fatbol. La etapa Guardiola acab\u00f3 el a\u00f1o 2012, pero el Bar\u00e7a sigui\u00f3 atesorando \u00e9xitos con Tito Vilanova (Liga 2012\/13), con Luis Enrique, que en 2015 toc\u00f3 la gloria futbol\u00edstica con la conquista del triplete: Liga, Copa y Champions, y con Ernesto Valverde y su doblete Liga-Copa de la temporada 2017\/18.<\/p>\n\n\n\n<p>Esperamos poder ver a un FC Barcelona mejor que nunca, manteniendo el lugar que le corresponde a nivel mundial.<\/p>\n","protected":false},"excerpt":{"rendered":"<p>El club Barcelona nos est\u00e1 demostrando que no es uno de los mejores del mundo por un jugador, sino que es un equipo conformado por los mejores, esto despu\u00e9s de &hellip; <a href=\"https:\/\/lavereda.com.mx\/index.php\/2021\/08\/09\/fc-barcelona-se-mantiene-como-un-club-de-talla-mundial\/\" class=\"more-link\">Leer m\u00e1s<\/a><\/p>\n","protected":false},"author":14,"featured_media":2035,"comment_status":"open","ping_status":"open","sticky":false,"template":"","format":"standard","meta":{"footnotes":""},"categories":[18,8],"tags":[],"class_list":["post-2033","post","type-post","status-publish","format-standard","has-post-thumbnail","hentry","category-lomasrelevante","category-sociedad","entry"],"_links":{"self":[{"href":"https:\/\/lavereda.com.mx\/index.php\/wp-json\/wp\/v2\/posts\/2033","targetHints":{"allow":["GET"]}}],"collection":[{"href":"https:\/\/lavereda.com.mx\/index.php\/wp-json\/wp\/v2\/posts"}],"about":[{"href":"https:\/\/lavereda.com.mx\/index.php\/wp-json\/wp\/v2\/types\/post"}],"author":[{"embeddable":true,"href":"https:\/\/lavereda.com.mx\/index.php\/wp-json\/wp\/v2\/users\/14"}],"replies":[{"embeddable":true,"href":"https:\/\/lavereda.com.mx\/index.php\/wp-json\/wp\/v2\/comments?post=2033"}],"version-history":[{"count":1,"href":"https:\/\/lavereda.com.mx\/index.php\/wp-json\/wp\/v2\/posts\/2033\/revisions"}],"predecessor-version":[{"id":2036,"href":"https:\/\/lavereda.com.mx\/index.php\/wp-json\/wp\/v2\/posts\/2033\/revisions\/2036"}],"wp:featuredmedia":[{"embeddable":true,"href":"https:\/\/lavereda.com.mx\/index.php\/wp-json\/wp\/v2\/media\/2035"}],"wp:attachment":[{"href":"https:\/\/lavereda.com.mx\/index.php\/wp-json\/wp\/v2\/media?parent=2033"}],"wp:term":[{"taxonomy":"category","embeddable":true,"href":"https:\/\/lavereda.com.mx\/index.php\/wp-json\/wp\/v2\/categories?post=2033"},{"taxonomy":"post_tag","embeddable":true,"href":"https:\/\/lavereda.com.mx\/index.php\/wp-json\/wp\/v2\/tags?post=2033"}],"curies":[{"name":"wp","href":"https:\/\/api.w.org\/{rel}","templated":true}]}}